{"id":2346,"date":"2021-02-21T20:25:11","date_gmt":"2021-02-21T19:25:11","guid":{"rendered":"http:\/\/www.giuseppefadda.it\/wordpress\/?p=2346"},"modified":"2023-03-30T15:41:24","modified_gmt":"2023-03-30T13:41:24","slug":"virus-2-storia-breve","status":"publish","type":"post","link":"https:\/\/www.giuseppefadda.it\/wordpress\/virus-2-storia-breve\/","title":{"rendered":"VIRUS &#8211; 2, storia breve"},"content":{"rendered":"\t\t<div data-elementor-type=\"wp-post\" data-elementor-id=\"2346\" class=\"elementor elementor-2346\">\n\t\t\t\t\t\t\t\t\t<section class=\"elementor-section elementor-top-section elementor-element elementor-element-5f3ad8c elementor-section-boxed elementor-section-height-default elementor-section-height-default\" data-id=\"5f3ad8c\" data-element_type=\"section\">\n\t\t\t\t\t\t<div class=\"elementor-container elementor-column-gap-default\">\n\t\t\t\t\t<div class=\"elementor-column elementor-col-50 elementor-top-column elementor-element elementor-element-a5f07ab\" data-id=\"a5f07ab\" data-element_type=\"column\">\n\t\t\t<div class=\"elementor-widget-wrap elementor-element-populated\">\n\t\t\t\t\t\t\t\t<div class=\"elementor-element elementor-element-04a056e elementor-widget elementor-widget-image\" data-id=\"04a056e\" data-element_type=\"widget\" data-widget_type=\"image.default\">\n\t\t\t\t<div class=\"elementor-widget-container\">\n\t\t\t<style>\/*! elementor - v3.12.0 - 29-03-2023 *\/\n.elementor-widget-image{text-align:center}.elementor-widget-image a{display:inline-block}.elementor-widget-image a img[src$=\".svg\"]{width:48px}.elementor-widget-image img{vertical-align:middle;display:inline-block}<\/style>\t\t\t\t\t\t\t\t\t\t\t\t<img decoding=\"async\" width=\"276\" height=\"182\" src=\"https:\/\/www.giuseppefadda.it\/wordpress\/wp-content\/uploads\/2021\/02\/oliodiserpente.jpg\" class=\"attachment-large size-large wp-image-2347\" alt=\"\" loading=\"lazy\" \/>\t\t\t\t\t\t\t\t\t\t\t\t\t\t\t<\/div>\n\t\t\t\t<\/div>\n\t\t\t\t\t<\/div>\n\t\t<\/div>\n\t\t\t\t<div class=\"elementor-column elementor-col-50 elementor-top-column elementor-element elementor-element-03a1fc3\" data-id=\"03a1fc3\" data-element_type=\"column\">\n\t\t\t<div class=\"elementor-widget-wrap elementor-element-populated\">\n\t\t\t\t\t\t\t\t<div class=\"elementor-element elementor-element-16cc3dd elementor-widget elementor-widget-text-editor\" data-id=\"16cc3dd\" data-element_type=\"widget\" data-widget_type=\"text-editor.default\">\n\t\t\t\t<div class=\"elementor-widget-container\">\n\t\t\t<style>\/*! elementor - v3.12.0 - 29-03-2023 *\/\n.elementor-widget-text-editor.elementor-drop-cap-view-stacked .elementor-drop-cap{background-color:#69727d;color:#fff}.elementor-widget-text-editor.elementor-drop-cap-view-framed .elementor-drop-cap{color:#69727d;border:3px solid;background-color:transparent}.elementor-widget-text-editor:not(.elementor-drop-cap-view-default) .elementor-drop-cap{margin-top:8px}.elementor-widget-text-editor:not(.elementor-drop-cap-view-default) .elementor-drop-cap-letter{width:1em;height:1em}.elementor-widget-text-editor .elementor-drop-cap{float:left;text-align:center;line-height:1;font-size:50px}.elementor-widget-text-editor .elementor-drop-cap-letter{display:inline-block}<\/style>\t\t\t\t<h4 style=\"text-align: center;\">\u275e Il mondo si divide in tre categorie di persone: un piccolissimo numero che fa nascere gli avvenimenti; un gruppo un po\u2019 pi\u00f9 importante che \u00e8 presente alla loro esecuzione e assiste al loro compimento, e infine una vasta maggioranza che giammai sapr\u00e0 ci\u00f2 che in realt\u00e0 \u00e8 accaduto.\u00a0(Nicholas Murray Butler)<\/h4><p>\u00a0<\/p><h4 style=\"text-align: center;\"><a href=\"https:\/\/www.youtube.com\/watch?v=J1rCGg0QvZc\"><span style=\"color: #0000ff;\">\u266b\u266bThe Ballad of Soapy Smith\u266b\u266b<\/span><\/a><\/h4>\t\t\t\t\t\t<\/div>\n\t\t\t\t<\/div>\n\t\t\t\t\t<\/div>\n\t\t<\/div>\n\t\t\t\t\t\t\t<\/div>\n\t\t<\/section>\n\t\t\t\t<section class=\"elementor-section elementor-top-section elementor-element elementor-element-43a81569 elementor-section-boxed elementor-section-height-default elementor-section-height-default\" data-id=\"43a81569\" data-element_type=\"section\">\n\t\t\t\t\t\t<div class=\"elementor-container elementor-column-gap-default\">\n\t\t\t\t\t<div class=\"elementor-column elementor-col-100 elementor-top-column elementor-element elementor-element-5e8799fa\" data-id=\"5e8799fa\" data-element_type=\"column\">\n\t\t\t<div class=\"elementor-widget-wrap elementor-element-populated\">\n\t\t\t\t\t\t\t\t<div class=\"elementor-element elementor-element-63924a65 elementor-widget elementor-widget-text-editor\" data-id=\"63924a65\" data-element_type=\"widget\" data-widget_type=\"text-editor.default\">\n\t\t\t\t<div class=\"elementor-widget-container\">\n\t\t\t\t\t\t\t<p>La \u201c<u>TED talks\u201d<\/u> \u00e8 l\u2019appuntamento annuale che decorrendo dal 1984 permette ogni anno agli uomini pi\u00f9 influenti del pianeta esprimere le proprie idee in brevi conferenze.<\/p><p><strong><u>Nel 2015<\/u><\/strong>, un certo Bill Gates, al TED predice una catastrofe epidemica a mezzo virus con tanto di immagine in video identica a quello \u201ccomparso\u201d nel 2020: (<a href=\"https:\/\/www.youtube.com\/watch?v=Mt2TD_gGoZY\">https:\/\/www.youtube.com\/watch?v=Mt2TD_gGoZY<\/a>)<\/p><p><strong><u>A ottobre 2019<\/u><\/strong>, il \u201cJohn Hopkins Center for Health Security\u201d in collaborazione con il \u201cWorld Economic Forum\u201d e la \u201cFondazione Bill &amp; Melinda Gates\u201d presentano a New York <u>\u201cl\u2019Event 201 PandemicExercise\u201d<\/u>, dove si \u201csimula\u201d una epidemia infettiva mondiale per testare le capacit\u00e0 di risposta all\u2019evento, delle istituzioni politiche e sanitarie\u00a0 (articolo esplicativo, con video originale in coda): <a href=\"https:\/\/www.lapressa.it\/articoli\/oltre_modena\/la-pandemia-globale-di-coronavirus-simulata-nel-2019\">https:\/\/www.lapressa.it\/articoli\/oltre_modena\/la-pandemia-globale-di-coronavirus-simulata-nel-2019<\/a>)<\/p><p><strong>A dicembre 2019<\/strong> \u201cscoppia\u201d una strana epidemia di polmonite in Cina come certificato dalle autorit\u00e0 cinesi e dall\u2019OMS<\/p><p><strong>A gennaio 2020<\/strong><\/p><p>1) il laboratorio cinese \u201cidentifica\u201d un nuovo virus chiamandolo 2019-nCov<\/p><p>2)all\u2019ospedale Spallanzani di Roma si \u201cidentificano\u201d due turisti cinesi \u201caffetti\u201d da 2019-nCov<\/p><p>3) <strong>il 31<\/strong> gennaio il governo italiano dichiara lo \u201cstato di emergenza nazionale\u201d<\/p><p><strong>A febbraio 2020<\/strong><\/p><p>1)<strong>Il 21<\/strong> si dichiara deceduto il primo italiano per \u201c2019-nCov\u201d a <u>V\u00f2 Euganeo<\/u> (Padova) ed il primo caso di ricovero all\u2019ospedale di <u>Codogno<\/u> (Milano)<\/p><p>2) Iniziano a scattare le \u201czone rosse\u201d nel nord Italia per limitare gli spostamenti<\/p><p><a href=\"http:\/\/giuseppefadda.it\/wordpress\/wp-content\/uploads\/2021\/02\/filo_spinato.jpg\"><img decoding=\"async\" loading=\"lazy\" class=\"size-full wp-image-2351 alignleft\" src=\"http:\/\/giuseppefadda.it\/wordpress\/wp-content\/uploads\/2021\/02\/filo_spinato.jpg\" alt=\"\" width=\"486\" height=\"324\" srcset=\"https:\/\/www.giuseppefadda.it\/wordpress\/wp-content\/uploads\/2021\/02\/filo_spinato.jpg 486w, https:\/\/www.giuseppefadda.it\/wordpress\/wp-content\/uploads\/2021\/02\/filo_spinato-300x200.jpg 300w\" sizes=\"(max-width: 486px) 100vw, 486px\" \/><\/a><\/p><p><strong>A marzo 2020<\/strong><\/p><p>1) Il governo italiano, primo di tutto l\u2019occidente, chiude l\u2019Italia intera in\u201czona rossa\u201d (spostamenti autorizzati solo per la sopravvivenza alimentare-sanitaria e lavorativa indifferibile). I mercati finanziari crollano!<\/p><p>2) La gran parte degli eventi sportivi mondiali vengono annullati<\/p><p><strong>A maggio <\/strong><\/p><p>Progressivamente si allentano le misure di lockdown (confinamento) in Italia<\/p><p><strong>A giugno<\/strong><\/p><p>1)Ulteriori alleggerimenti alle limitazioni, salvo attivit\u00e0 sociali in luoghi chiusi e prosieguo dell\u2019obbligo di maschera nei luoghi pubblici al chiuso<\/p><p>2) Riprendono gli sport professionistici, ma senza pubblico<\/p><p><strong>A luglio<\/strong><\/p><p>Il governo italiano proroga lo stato di emergenza fino al 15 ottobre<\/p><p><a href=\"http:\/\/giuseppefadda.it\/wordpress\/wp-content\/uploads\/2021\/02\/elisir.jpg\"><img decoding=\"async\" loading=\"lazy\" class=\"alignright wp-image-2348\" src=\"http:\/\/giuseppefadda.it\/wordpress\/wp-content\/uploads\/2021\/02\/elisir.jpg\" alt=\"\" width=\"250\" height=\"388\" \/><\/a><\/p><p>\u00a0<\/p><p><strong>A settembre <\/strong><\/p><p>L\u2019oracolo Bill Gates stila una lettera al mondo dove annuncia l\u2019arrivo di uno o pi\u00f9 vaccini che salveranno l\u2019umanit\u00e0 (vedi articolo agenzia) <a href=\"https:\/\/www.adnkronos.com\/covid-bill-gates-vaccino-per-tutti-e-si-evitera-disastro_4zmb9e8kTfrI69fguIDx8T\">https:\/\/www.adnkronos.com\/covid-bill-gates-vaccino-per-tutti-e-si-evitera-disastro_4zmb9e8kTfrI69fguIDx8T<\/a>)<\/p><p><strong>Ad ottobre <\/strong><\/p><p>Esplode in Italia la \u201cseconda ondata\u201d di \u201c<em>casi\u201d<\/em>, cos\u00ec come definiti dall\u2019OMS quando positivi al test <u>PRC-<\/u>RT anche se \u201csenza sintomi\u201d<\/p><p><strong>A novembre<\/strong><\/p><p>1)Il governo inaugura il modello delle \u201czone colorate flessibili\u201d secondo le quali modulare le restrizioni sociali<\/p><p>2) arrivano gli entusiastici annunci di due vaccini dichiarati dai produttori di \u201calta efficacia\u201d<\/p><p><strong>A dicembre 2020<\/strong><\/p><p>1)Iniziano le somministrazioni dei vaccini<\/p><p>2) arrivano allarmi di \u201cmutazioni\u201d del virus: inglese, brasiliana, sudafricana\u2026<\/p><p><a href=\"http:\/\/giuseppefadda.it\/wordpress\/wp-content\/uploads\/2021\/02\/elisir2.jpg\"><img decoding=\"async\" loading=\"lazy\" class=\"size-full wp-image-2349 alignleft\" src=\"http:\/\/giuseppefadda.it\/wordpress\/wp-content\/uploads\/2021\/02\/elisir2.jpg\" alt=\"\" width=\"244\" height=\"206\" \/><\/a><\/p><p><strong>A gennaio 2021<\/strong><\/p><p>1) Iniziano ad arrivare da tutto il mondo, Italia compresa, numerosi allarmi e segnalazioni di effetti collaterali avversi da \u201clievi a gravi\u201d conseguenti all&#8217;inoculazione dei vaccini<\/p><p>2) si fanno insistenti le profezie di \u201cterza ondata\u201d con richieste di nuove ed pi\u00f9 pesanti restrizioni<\/p><p>\u2026\u2026\u2026\u2026\u2026..<\/p><p>In conclusione, e a titolo di riflessione su quella che possa essere la natura filantropica di alcuni presunti tali si allega una notizia di \u201cquifinanza.it\u201d dove si evidenziano i nomi di coloro che al contrario delle economie di tutto il mondo, a causa della pseudo-pandemia, hanno incrementato, e di molto, il gi\u00e0 enorme patrimonio economico <a href=\"https:\/\/quifinanza.it\/soldi\/fotonotizia\/ricchi-2020-covid\/447515\/attachment\/super-ricchi-2020-chi-ha-guadagnato-nonostante-la-crisi\/\">https:\/\/quifinanza.it\/soldi\/fotonotizia\/ricchi-2020-covid\/447515\/attachment\/super-ricchi-2020-chi-ha-guadagnato-nonostante-la-crisi\/\u00a0<\/a><\/p><h3 style=\"text-align: center;\">\u275e Il genio della truffa \u00e8 colui che con azioni indirette induce a donargli tutto il portafoglio senza chiedere niente in cambio generando altres\u00ec nel malcapitato la condizione emotiva di felicit\u00e0 per aver \u201cconiugato\u201d con una cos\u00ec gran brava persona (Giuseppe Fadda)<\/h3><h3 class=\"title style-scope ytd-video-primary-info-renderer\" style=\"text-align: center;\"><a href=\"https:\/\/www.youtube.com\/watch?v=9cKm_mYVPQE\"><span style=\"color: #0000ff;\">\u266b\u266bCasting Crowns &#8211; Voice of Truth\u266b\u266b<\/span><\/a><\/h3><h6>\u00a0<\/h6><h6><em>DECLARATORIA OBBLIGATORIA PER LA LEGGE ITALIANA : QUANTO SCRITTO IN QUESTO ARTICOLO \u00c8 IL SUNTO DI OPINIONI, IDEE, ESPERIENZE E SIMILI IN LINEA CON LA COSTITUZIONE ITALIANA CHE SANCISCE LA LIBERT\u00c0 DI PENSIERO E DI ESPRESSIONE DELLE PROPRIE IDEE. I SUDDETTI NON SONO CONSIGLI MEDICI O TERAPIE, PER LE QUALI, PER LEGGE, \u00c8 NECESSARIO UN MEDICO LAUREATO, ABILITATO E ISCRITTO ALL\u2019ALBO. TALI SCRITTI NON SI PONGONO IN CONFLITTO CON LA MEDICINA UFFICIALE MA ANZI LA INTEGRANO NELLA PROMOZIONE DEL BENESSERE GLOBALE DELLA PERSONA.<\/em><\/h6>\t\t\t\t\t\t<\/div>\n\t\t\t\t<\/div>\n\t\t\t\t\t<\/div>\n\t\t<\/div>\n\t\t\t\t\t\t\t<\/div>\n\t\t<\/section>\n\t\t\t\t<section class=\"elementor-section elementor-top-section elementor-element elementor-element-e78b1e6 elementor-section-boxed elementor-section-height-default elementor-section-height-default\" data-id=\"e78b1e6\" data-element_type=\"section\">\n\t\t\t\t\t\t<div class=\"elementor-container elementor-column-gap-default\">\n\t\t\t\t\t<div class=\"elementor-column elementor-col-100 elementor-top-column elementor-element elementor-element-2d7df5e\" data-id=\"2d7df5e\" data-element_type=\"column\">\n\t\t\t<div class=\"elementor-widget-wrap elementor-element-populated\">\n\t\t\t\t\t\t\t\t<div class=\"elementor-element elementor-element-df902d5 elementor-widget elementor-widget-text-editor\" data-id=\"df902d5\" data-element_type=\"widget\" data-widget_type=\"text-editor.default\">\n\t\t\t\t<div class=\"elementor-widget-container\">\n\t\t\t\t\t\t\t<p><a href=\"http:\/\/giuseppefadda.it\/wordpress\/wp-content\/uploads\/2013\/11\/cropped-1891072_627404104024562_7856319494357884723_n.jpg\"><img decoding=\"async\" loading=\"lazy\" class=\"wp-image-2569 alignleft\" src=\"http:\/\/giuseppefadda.it\/wordpress\/wp-content\/uploads\/2013\/11\/cropped-1891072_627404104024562_7856319494357884723_n-300x300.jpg\" alt=\"\" width=\"125\" height=\"125\" srcset=\"https:\/\/www.giuseppefadda.it\/wordpress\/wp-content\/uploads\/2013\/11\/cropped-1891072_627404104024562_7856319494357884723_n-300x300.jpg 300w, https:\/\/www.giuseppefadda.it\/wordpress\/wp-content\/uploads\/2013\/11\/cropped-1891072_627404104024562_7856319494357884723_n-150x150.jpg 150w, https:\/\/www.giuseppefadda.it\/wordpress\/wp-content\/uploads\/2013\/11\/cropped-1891072_627404104024562_7856319494357884723_n-75x75.jpg 75w, https:\/\/www.giuseppefadda.it\/wordpress\/wp-content\/uploads\/2013\/11\/cropped-1891072_627404104024562_7856319494357884723_n-270x270.jpg 270w, https:\/\/www.giuseppefadda.it\/wordpress\/wp-content\/uploads\/2013\/11\/cropped-1891072_627404104024562_7856319494357884723_n-192x192.jpg 192w, https:\/\/www.giuseppefadda.it\/wordpress\/wp-content\/uploads\/2013\/11\/cropped-1891072_627404104024562_7856319494357884723_n-180x180.jpg 180w, https:\/\/www.giuseppefadda.it\/wordpress\/wp-content\/uploads\/2013\/11\/cropped-1891072_627404104024562_7856319494357884723_n-32x32.jpg 32w, https:\/\/www.giuseppefadda.it\/wordpress\/wp-content\/uploads\/2013\/11\/cropped-1891072_627404104024562_7856319494357884723_n.jpg 512w\" sizes=\"(max-width: 125px) 100vw, 125px\" \/><\/a><\/p><p>GIUSEPPE FADDA, PERITO ELETTROTECNICO E TECNICO DI AZIENDA ELETTRICA PER PI\u00d9 DI UN TRENTENNIO, LASCIA IL LAVORO PRINCIPALE PER DEDICARSI A TEMPO PIENO AD UNA PASSIONE NATA FIN DAI TEMPI DELLA SCUOLA SUPERIORE, FONDATA NELLA RICERCA DELLA SALUTE E DEL BENESSERE COME PRINCIPI FARO DI UNA VITA PIACEVOLE E CONSAPEVOLE, SENZA CONFIDARE NEI PRINCIPI DELLA MEDICINA CHIMICA. CORSI, SEMINARI ED UNA VARIEGATA MOLTITUDINE DI LIBRI \u00a0COSTITUISCONO LA SUA FORMAZIONE UNITI AD UNO SPIRITO DI RICERCA E CURIOSIT\u00c0 MAI SOPITI E AD UNA ESPERIENZA SUL CAMPO DI LUNGA DATA E SEMPRE IN CORSO.<\/p>\t\t\t\t\t\t<\/div>\n\t\t\t\t<\/div>\n\t\t\t\t\t<\/div>\n\t\t<\/div>\n\t\t\t\t\t\t\t<\/div>\n\t\t<\/section>\n\t\t\t\t\t\t\t<\/div>\n\t\t","protected":false},"excerpt":{"rendered":"<p>\u275e Il mondo si divide in tre categorie di persone: un piccolissimo numero che fa nascere gli avvenimenti; un gruppo un po\u2019 pi\u00f9 importante che \u00e8 presente alla loro esecuzione e assiste al loro compimento, e infine una vasta maggioranza che giammai sapr\u00e0 ci\u00f2 che in realt\u00e0 \u00e8 accaduto.\u00a0(Nicholas Murray Butler) \u00a0 \u266b\u266bThe Ballad of&hellip;<\/p>\n","protected":false},"author":2,"featured_media":2349,"comment_status":"open","ping_status":"closed","sticky":false,"template":"","format":"standard","meta":[],"categories":[322],"tags":[1145,1159,157,1161,1149,1152,1129,1130,1165,1158,1164,1133,1167,1136,1162,1151,1134,439,192,1153,1160,1142,1156,1154,1139,1166,1137,1143,231,1131,1132,1135,1146,1147,1144,1140,1141,1155,1157,34,1138,1148,1163,1150],"_links":{"self":[{"href":"https:\/\/www.giuseppefadda.it\/wordpress\/wp-json\/wp\/v2\/posts\/2346"}],"collection":[{"href":"https:\/\/www.giuseppefadda.it\/wordpress\/wp-json\/wp\/v2\/posts"}],"about":[{"href":"https:\/\/www.giuseppefadda.it\/wordpress\/wp-json\/wp\/v2\/types\/post"}],"author":[{"embeddable":true,"href":"https:\/\/www.giuseppefadda.it\/wordpress\/wp-json\/wp\/v2\/users\/2"}],"replies":[{"embeddable":true,"href":"https:\/\/www.giuseppefadda.it\/wordpress\/wp-json\/wp\/v2\/comments?post=2346"}],"version-history":[{"count":28,"href":"https:\/\/www.giuseppefadda.it\/wordpress\/wp-json\/wp\/v2\/posts\/2346\/revisions"}],"predecessor-version":[{"id":3763,"href":"https:\/\/www.giuseppefadda.it\/wordpress\/wp-json\/wp\/v2\/posts\/2346\/revisions\/3763"}],"wp:featuredmedia":[{"embeddable":true,"href":"https:\/\/www.giuseppefadda.it\/wordpress\/wp-json\/wp\/v2\/media\/2349"}],"wp:attachment":[{"href":"https:\/\/www.giuseppefadda.it\/wordpress\/wp-json\/wp\/v2\/media?parent=2346"}],"wp:term":[{"taxonomy":"category","embeddable":true,"href":"https:\/\/www.giuseppefadda.it\/wordpress\/wp-json\/wp\/v2\/categories?post=2346"},{"taxonomy":"post_tag","embeddable":true,"href":"https:\/\/www.giuseppefadda.it\/wordpress\/wp-json\/wp\/v2\/tags?post=2346"}],"curies":[{"name":"wp","href":"https:\/\/api.w.org\/{rel}","templated":true}]}}