{"id":2426,"date":"2021-09-07T12:49:51","date_gmt":"2021-09-07T10:49:51","guid":{"rendered":"http:\/\/www.giuseppefadda.it\/wordpress\/?p=2426"},"modified":"2023-03-30T17:06:22","modified_gmt":"2023-03-30T15:06:22","slug":"virus-3-diritti-umani","status":"publish","type":"post","link":"https:\/\/www.giuseppefadda.it\/wordpress\/virus-3-diritti-umani\/","title":{"rendered":"Virus 3 &#8211; Diritti Umani"},"content":{"rendered":"\t\t<div data-elementor-type=\"wp-post\" data-elementor-id=\"2426\" class=\"elementor elementor-2426\">\n\t\t\t\t\t\t\t\t\t<section class=\"elementor-section elementor-top-section elementor-element elementor-element-4861f0e elementor-section-boxed elementor-section-height-default elementor-section-height-default\" data-id=\"4861f0e\" data-element_type=\"section\">\n\t\t\t\t\t\t<div class=\"elementor-container elementor-column-gap-default\">\n\t\t\t\t\t<div class=\"elementor-column elementor-col-50 elementor-top-column elementor-element elementor-element-28fe5cc\" data-id=\"28fe5cc\" data-element_type=\"column\">\n\t\t\t<div class=\"elementor-widget-wrap elementor-element-populated\">\n\t\t\t\t\t\t\t\t<div class=\"elementor-element elementor-element-6103886 elementor-widget elementor-widget-image\" data-id=\"6103886\" data-element_type=\"widget\" data-widget_type=\"image.default\">\n\t\t\t\t<div class=\"elementor-widget-container\">\n\t\t\t<style>\/*! elementor - v3.12.0 - 29-03-2023 *\/\n.elementor-widget-image{text-align:center}.elementor-widget-image a{display:inline-block}.elementor-widget-image a img[src$=\".svg\"]{width:48px}.elementor-widget-image img{vertical-align:middle;display:inline-block}<\/style>\t\t\t\t\t\t\t\t\t\t\t\t<img decoding=\"async\" width=\"640\" height=\"386\" src=\"https:\/\/www.giuseppefadda.it\/wordpress\/wp-content\/uploads\/2021\/09\/fotoeffetti.com_-1.jpg\" class=\"attachment-large size-large wp-image-2461\" alt=\"\" loading=\"lazy\" srcset=\"https:\/\/www.giuseppefadda.it\/wordpress\/wp-content\/uploads\/2021\/09\/fotoeffetti.com_-1.jpg 640w, https:\/\/www.giuseppefadda.it\/wordpress\/wp-content\/uploads\/2021\/09\/fotoeffetti.com_-1-300x181.jpg 300w\" sizes=\"(max-width: 640px) 100vw, 640px\" \/>\t\t\t\t\t\t\t\t\t\t\t\t\t\t\t<\/div>\n\t\t\t\t<\/div>\n\t\t\t\t\t<\/div>\n\t\t<\/div>\n\t\t\t\t<div class=\"elementor-column elementor-col-50 elementor-top-column elementor-element elementor-element-63cc6b6\" data-id=\"63cc6b6\" data-element_type=\"column\">\n\t\t\t<div class=\"elementor-widget-wrap elementor-element-populated\">\n\t\t\t\t\t\t\t\t<div class=\"elementor-element elementor-element-4bb9c3f elementor-widget elementor-widget-text-editor\" data-id=\"4bb9c3f\" data-element_type=\"widget\" data-widget_type=\"text-editor.default\">\n\t\t\t\t<div class=\"elementor-widget-container\">\n\t\t\t<style>\/*! elementor - v3.12.0 - 29-03-2023 *\/\n.elementor-widget-text-editor.elementor-drop-cap-view-stacked .elementor-drop-cap{background-color:#69727d;color:#fff}.elementor-widget-text-editor.elementor-drop-cap-view-framed .elementor-drop-cap{color:#69727d;border:3px solid;background-color:transparent}.elementor-widget-text-editor:not(.elementor-drop-cap-view-default) .elementor-drop-cap{margin-top:8px}.elementor-widget-text-editor:not(.elementor-drop-cap-view-default) .elementor-drop-cap-letter{width:1em;height:1em}.elementor-widget-text-editor .elementor-drop-cap{float:left;text-align:center;line-height:1;font-size:50px}.elementor-widget-text-editor .elementor-drop-cap-letter{display:inline-block}<\/style>\t\t\t\t<h3 style=\"text-align: center;\">\u275e Mai Prigioniero sarai \u2013 Ove la Libert\u00e0 \u2013Abiti \u2013 in Te (Emily Dickinson)<\/h3><h3 style=\"text-align: center;\"><a href=\"https:\/\/www.youtube.com\/watch?v=rynxqdNMry4\"><span style=\"color: #0000ff;\"><strong>\u266b\u266bRichie Havens &#8211; Freedom at Woodstock 1969\u266b\u266b<\/strong><\/span><\/a><\/h3>\t\t\t\t\t\t<\/div>\n\t\t\t\t<\/div>\n\t\t\t\t\t<\/div>\n\t\t<\/div>\n\t\t\t\t\t\t\t<\/div>\n\t\t<\/section>\n\t\t\t\t<section class=\"elementor-section elementor-top-section elementor-element elementor-element-4c476e30 elementor-section-boxed elementor-section-height-default elementor-section-height-default\" data-id=\"4c476e30\" data-element_type=\"section\">\n\t\t\t\t\t\t<div class=\"elementor-container elementor-column-gap-default\">\n\t\t\t\t\t<div class=\"elementor-column elementor-col-100 elementor-top-column elementor-element elementor-element-168b9666\" data-id=\"168b9666\" data-element_type=\"column\">\n\t\t\t<div class=\"elementor-widget-wrap elementor-element-populated\">\n\t\t\t\t\t\t\t\t<div class=\"elementor-element elementor-element-cd44fa7 elementor-widget elementor-widget-text-editor\" data-id=\"cd44fa7\" data-element_type=\"widget\" data-widget_type=\"text-editor.default\">\n\t\t\t\t<div class=\"elementor-widget-container\">\n\t\t\t\t\t\t\t<p>Laddove la psicosi sanitaria, \u00e8 venuta ad utilizzarsi come scopo di controllo esasperato della vita sociale degli esseri umani da parte di una ristretta \u00e9lite di governanti, ho ritenuto necessario riepilogare in un unico documento le Dichiarazioni, I Trattati, i Codici che la Maggior parte dell&#8217;umanit\u00e0 ha stilato dopo la seconda guerra mondiale al fine di prevenire ed evitare\u00a0 quegli &#8220;orrori perpetrati dal nazismo&#8221; prima e durante la guerra suddetta.<\/p><p>Ho voluto aggiungere i giuramenti della classe medica occidentale, classe che nelle &#8220;atrocit\u00e0 del nazismo&#8221; ebbe un ruolo focale.<\/p><p>Di ogni documento \u00e8 riportato il link originario, prelevato da fonti &#8220;riconosciute istituzionali&#8221; ed al di sopra delle parti; i documenti 1, 2, 10, 11 e 12 sono trascritti per intero gli altri sono gli incisi ma collegati all&#8217;indirizzo internet del documento intero<\/p><p>Il lettore che volesse integrare documenti qui mancanti \u00e8 invitato ad inserire il dato nei commenti all&#8217;articolo.<\/p><h4>Riassunto documenti :<\/h4><p>1)Dichiarazione Universale Dei Diritti Umani, 2)Codice Di Norimberga, 3)Convenzione di Oviedo, 4)Il Trattato Di Nizza E La Carta Dei Diritti Fondamentali, 5)Trattato Di Lisbona E Carta Dei Diritti Fondamentali, 6)Carta Dei Diritti Fondamentali Dell\u2019unione Europea, 7)Risoluzione 2361(2021) CdEU, 8)Dichiarazione Di Ginevra Dell&#8217;associazione Medica Mondiale, 9)Dichiarazione di Helsinki 10)Giuramento Di Ippocrate (Storia E Testo Moderno), 11) Prof. Deidda della S.S.M., 12) art 13 Costituzione Italiana<\/p><h2><em><strong>Da non dimenticare che la Costituzione Italiana \u00e8 gi\u00e0 da se un baluardo altissimo di difesa dei diritti del popolo italiano.<\/strong><\/em><\/h2><h5><a href=\"https:\/\/www.altalex.com\/documents\/codici-altalex\/2014\/03\/08\/dichiarazione-universale-dei-diritti-dell-uomo\"><span style=\"color: #0000ff;\">https:\/\/www.altalex.com\/documents\/codici-altalex\/2014\/03\/08\/dichiarazione-universale-dei-diritti-dell-uomo<\/span><\/a><\/h5><p>Dichiarazione universale dei diritti umani approvata dalle Nazioni (58) Unite il 10 dicembre 1948. Testo integrale.<\/p><h3><strong>DICHIARAZIONE UNIVERSALE DEI DIRITTI UMANI<\/strong><\/h3><p><em>Assemblea Generale delle Nazioni Unite, 10 dicembre 1948<\/em><\/p><p><strong>Preambolo<\/strong><\/p><p><u>Considerato<\/u> che il riconoscimento della dignit\u00e0 inerente a tutti i membri della famiglia umana e dei loro diritti, uguali ed inalienabili, costituisce il fondamento della libert\u00e0, della giustizia e della pace nel mondo;<br \/><u>Considerat<\/u>o che il disconoscimento e il disprezzo dei diritti umani hanno portato ad atti di barbarie che offendono la coscienza dell&#8217;umanit\u00e0, e che l&#8217;avvento di un mondo in cui gli esseri umani godano della libert\u00e0 di parola e di credo e della libert\u00e0 dal timore e dal bisogno \u00e8 stato proclamato come la pi\u00f9 alta aspirazione dell\u2019uomo;<br \/><u>Considerato<\/u> che \u00e8 indispensabile che i diritti umani siano protetti da norme giuridiche, se si vuole evitare che l&#8217;uomo sia costretto a ricorrere, come ultima istanza, alla ribellione contro la tirannia e l&#8217;oppressione;<br \/><u>Considerato<\/u> che \u00e8 indispensabile promuovere lo sviluppo di rapporti amichevoli tra le Nazioni;<br \/><u>Considerato<\/u> che i popoli delle Nazioni Unite hanno riaffermato nello Statuto la loro fede nei diritti umani fondamentali, nella dignit\u00e0 e nel valore della persona umana, nell&#8217;uguaglianza dei diritti dell&#8217;uomo e della donna, ed hanno deciso di promuovere il progresso sociale e un miglior tenore di vita in una maggiore libert\u00e0;<br \/><u>Considerato<\/u> che gli Stati membri si sono impegnati a perseguire, in cooperazione con le Nazioni Unite, il rispetto e l&#8217;osservanza universale dei diritti umani e delle libert\u00e0 fondamentali;<br \/><u>Considerato<\/u> che una concezione comune di questi diritti e di questa libert\u00e0 \u00e8 della massima importanza per la piena realizzazione di questi impegni;<\/p><p>L&#8217;ASSEMBLEA GENERALE<br \/><strong>proclama<\/strong><\/p><p>la presente dichiarazione universale dei diritti umani come ideale comune da raggiungersi da tutti i popoli e da tutte le Nazioni, al fine che ogni individuo ed ogni organo della societ\u00e0, avendo costantemente presente questa Dichiarazione, si sforzi di promuovere, con l&#8217;insegnamento e l&#8217;educazione, il rispetto di questi diritti e di queste libert\u00e0 e di garantirne, mediante misure progressive di carattere nazionale e internazionale, l&#8217;universale ed effettivo riconoscimento e rispetto tanto fra i popoli degli stessi Stati membri, quanto fra quelli dei territori sottoposti alla loro giurisdizione.<br \/><strong>Articolo 1<\/strong><br \/>Tutti gli esseri umani nascono liberi ed eguali in dignit\u00e0 e diritti. Essi sono dotati di ragione e di coscienza e devono agire gli uni verso gli altri in spirito di fratellanza.<br \/><strong>Articolo 2<\/strong><br \/>Ad ogni individuo spettano tutti i diritti e tutte le libert\u00e0 enunciate nella presente Dichiarazione, senza distinzione alcuna, per ragioni di razza, di colore, di sesso, di lingua, di religione, di opinione politica o di altro genere, di origine nazionale o sociale, di ricchezza, di nascita o di altra condizione. Nessuna distinzione sar\u00e0 inoltre stabilita sulla base dello statuto politico, giuridico o internazionale del paese o del territorio cui una persona appartiene, sia indipendente, o sottoposto ad amministrazione fiduciaria o non autonomo, o soggetto a qualsiasi limitazione di sovranit\u00e0.<br \/><strong>Articolo 3<\/strong><br \/>Ogni individuo ha diritto alla vita, alla libert\u00e0 ed alla sicurezza della propria persona.<br \/><strong>Articolo 4<\/strong><br \/>Nessun individuo potr\u00e0 essere tenuto in stato di schiavit\u00f9 o di servit\u00f9; la schiavit\u00f9 e la tratta degli schiavi saranno proibite sotto qualsiasi forma.<br \/><strong>Articolo 5<\/strong><br \/>Nessun individuo potr\u00e0 essere sottoposto a tortura o a trattamento o a punizione crudeli, inumani o degradanti.<br \/><strong>Articolo 6<\/strong><br \/>Ogni individuo ha diritto, in ogni luogo, al riconoscimento della sua personalit\u00e0 giuridica.<br \/><strong>Articolo 7<\/strong><br \/>Tutti sono eguali dinanzi alla legge e hanno diritto, senza alcuna discriminazione, ad una eguale tutela da parte della legge. Tutti hanno diritto ad una eguale tutela contro ogni discriminazione che violi la presente Dichiarazione come contro qualsiasi incitamento a tale discriminazione.<br \/><strong>Articolo 8<\/strong><br \/>Ogni individuo ha diritto ad un&#8217;effettiva possibilit\u00e0 di ricorso a competenti tribunali contro atti che violino i diritti fondamentali a lui riconosciuti dalla costituzione o dalla legge.<br \/><strong>Articolo 9<\/strong><br \/>Nessun individuo potr\u00e0 essere arbitrariamente arrestato, detenuto o esiliato.<br \/><strong>Articolo 10<\/strong><br \/>Ogni individuo ha diritto, in posizione di piena uguaglianza, ad una equa e pubblica udienza davanti ad un tribunale indipendente e imparziale, al fine della determinazione dei suoi diritti e dei suoi doveri, nonch\u00e9 della fondatezza di ogni accusa penale che gli venga rivolta.<br \/><strong>Articolo 11<\/strong><br \/>1. Ogni individuo accusato di un reato \u00e8 presunto innocente sino a che la sua colpevolezza non sia stata provata legalmente in un pubblico processo nel quale egli abbia avuto tutte le garanzie necessarie per la sua difesa.<br \/>2. Nessun individuo sar\u00e0 condannato per un comportamento commissivo od omissivo che, al momento in cui sia stato perpetuato, non costituisse reato secondo il diritto interno o secondo il diritto internazionale. Non potr\u00e0 del pari essere inflitta alcuna pena superiore a quella applicabile al momento in cui il reato sia stato commesso.<br \/><strong>Articolo 12<\/strong><br \/>Nessun individuo potr\u00e0 essere sottoposto ad interferenze arbitrarie nella sua vita privata, nella sua famiglia, nella sua casa, nella sua corrispondenza, n\u00e9 a lesione del suo onore e della sua reputazione. Ogni individuo ha diritto ad essere tutelato dalla legge contro tali interferenze o lesioni.<br \/><strong>Articolo 13<\/strong><br \/>1. Ogni individuo ha diritto alla libert\u00e0 di movimento e di residenza entro i confini di ogni Stato.<br \/>2. Ogni individuo ha diritto di lasciare qualsiasi paese, incluso il proprio, e di ritornare nel proprio paese.<br \/><strong>Articolo 14<\/strong><br \/>1. Ogni individuo ha il diritto di cercare e di godere in altri paesi asilo dalle persecuzioni.<br \/>2. Questo diritto non potr\u00e0 essere invocato qualora l&#8217;individuo sia realmente ricercato per reati non politici o per azioni contrarie ai fini e ai principi delle Nazioni Unite.<br \/><strong>Articolo 15<\/strong><br \/>1. Ogni individuo ha diritto ad una cittadinanza.<br \/>2. Nessun individuo potr\u00e0 essere arbitrariamente privato della sua cittadinanza, n\u00e9 del diritto di mutare cittadinanza.<br \/><strong>Articolo 16<\/strong><br \/>1. Uomini e donne in et\u00e0 adatta hanno il diritto di sposarsi e di fondare una famiglia, senza alcuna limitazione di razza, cittadinanza o religione. Essi hanno eguali diritti riguardo al matrimonio, durante il matrimonio e all&#8217;atto del suo scioglimento.<br \/>2. Il matrimonio potr\u00e0 essere concluso soltanto con il libero e pieno consenso dei futuri coniugi.<br \/>3. La famiglia \u00e8 il nucleo naturale e fondamentale della societ\u00e0 e ha diritto ad essere protetta dalla societ\u00e0 e dallo Stato.<br \/><strong>Articolo 17<\/strong><br \/>1. Ogni individuo ha il diritto ad avere una propriet\u00e0 sua personale o in comune con altri.<br \/>2. Nessun individuo potr\u00e0 essere arbitrariamente privato della sua propriet\u00e0.<br \/><strong>Articolo 18<\/strong><br \/>Ogni individuo ha diritto alla libert\u00e0 di pensiero, di coscienza e di religione; tale diritto include la libert\u00e0 di cambiare di religione o di credo, e la libert\u00e0 di manifestare, isolatamente o in comune, e sia in pubblico che in privato, la propria religione o il proprio credo nell&#8217;insegnamento, nelle pratiche, nel culto e nell&#8217;osservanza dei riti.<br \/><strong>Articolo 19<\/strong><br \/>Ogni individuo ha diritto alla libert\u00e0 di opinione e di espressione incluso il diritto di non essere molestato per la propria opinione e quello di cercare, ricevere e diffondere informazioni e idee attraverso ogni mezzo e senza riguardo a frontiere.<br \/><strong>Articolo 20<\/strong><br \/>1. Ogni individuo ha diritto alla libert\u00e0 di riunione e di associazione pacifica.<br \/>2. Nessuno pu\u00f2 essere costretto a far parte di un&#8217;associazione.<br \/><strong>Articolo 21<\/strong><br \/>1. Ogni individuo ha diritto di partecipare al governo del proprio paese, sia direttamente, sia attraverso rappresentanti liberamente scelti.<br \/>2. Ogni individuo ha diritto di accedere in condizioni di eguaglianza ai pubblici impieghi del proprio paese.<br \/>3. La volont\u00e0 popolare \u00e8 il fondamento dell&#8217;autorit\u00e0 del governo; tale volont\u00e0 deve essere espressa attraverso periodiche e veritiere elezioni, effettuate a suffragio universale ed eguale, ed a voto segreto, o secondo una procedura equivalente di libera votazione.<br \/><strong>Articolo 22<\/strong><br \/>Ogni individuo, in quanto membro della societ\u00e0, ha diritto alla sicurezza sociale, nonch\u00e9 alla realizzazione attraverso lo sforzo nazionale e la cooperazione internazionale ed in rapporto con l&#8217;organizzazione e le risorse di ogni Stato, dei diritti economici, sociali e culturali indispensabili alla sua dignit\u00e0 ed al libero sviluppo della sua personalit\u00e0.<br \/><strong>Articolo 23<\/strong><br \/>1. Ogni individuo ha diritto al lavoro, alla libera scelta dell&#8217;impiego, a giuste e soddisfacenti condizioni di lavoro ed alla protezione contro la disoccupazione.<br \/>2. Ogni individuo, senza discriminazione, ha diritto ad eguale retribuzione per eguale lavoro.<br \/>3. Ogni individuo che lavora ha diritto ad una rimunerazione equa e soddisfacente che assicuri a lui stesso e alla sua famiglia una esistenza conforme alla dignit\u00e0 umana ed integrata, se necessario, da altri mezzi di protezione sociale.<br \/>4. Ogni individuo ha diritto di fondare dei sindacati e di aderirvi per la difesa dei propri interessi.<br \/><strong>Articolo 24<\/strong><br \/>Ogni individuo ha diritto al riposo ed allo svago, comprendendo in ci\u00f2 una ragionevole limitazione delle ore di lavoro e ferie periodiche retribuite.<br \/><strong>Articolo 25<\/strong><br \/>1. Ogni individuo ha diritto ad un tenore di vita sufficiente a garantire la salute e il benessere proprio e della sua famiglia, con particolare riguardo all&#8217;alimentazione, al vestiario, all&#8217;abitazione, e alle cure mediche e ai servizi sociali necessari; ed ha diritto alla sicurezza in caso di disoccupazione, malattia, invalidit\u00e0, vedovanza, vecchiaia o in altro caso di perdita di mezzi di sussistenza per circostanze indipendenti dalla sua volont\u00e0.<br \/>2. La maternit\u00e0 e l&#8217;infanzia hanno diritto a speciali cure ed assistenza. Tutti i bambini, nati nel matrimonio o fuori di esso, devono godere della stessa protezione sociale.<br \/><strong>Articolo 26<\/strong><br \/>1. Ogni individuo ha diritto all&#8217;istruzione. L&#8217;istruzione deve essere gratuita almeno per quanto riguarda le classi elementari e fondamentali. L&#8217;istruzione elementare deve essere obbligatoria. L&#8217;istruzione tecnica e professionale deve essere messa alla portata di tutti e l&#8217;istruzione superiore deve essere egualmente accessibile a tutti sulla base del merito.<br \/>2. L&#8217;istruzione deve essere indirizzata al pieno sviluppo della personalit\u00e0 umana ed al rafforzamento del rispetto dei diritti umani e delle libert\u00e0 fondamentali. Essa deve promuovere la comprensione, la tolleranza, l&#8217;amicizia fra tutte le Nazioni, i gruppi razziali e religiosi, e deve favorire l&#8217;opera delle Nazioni Unite per il mantenimento della pace.<br \/>3. I genitori hanno diritto di priorit\u00e0 nella scelta del genere di istruzione da impartire ai loro figli.<br \/><strong>Articolo 27<\/strong><br \/>1. Ogni individuo ha diritto di prendere parte liberamente alla vita culturale della comunit\u00e0, di godere delle arti e di partecipare al progresso scientifico ed ai suoi benefici.<br \/>2. Ogni individuo ha diritto alla protezione degli interessi morali e materiali derivanti da ogni produzione scientifica, letteraria e artistica di cui egli sia autore.<br \/><strong>Articolo 28<\/strong><br \/>Ogni individuo ha diritto ad un ordine sociale e internazionale nel quale i diritti e le libert\u00e0 enunciati in questa Dichiarazione possano essere pienamente realizzati.<br \/><strong>Articolo 29<\/strong><br \/>1. Ogni individuo ha dei doveri verso la comunit\u00e0, nella quale soltanto \u00e8 possibile il libero e pieno sviluppo della sua personalit\u00e0.<br \/>2. Nell&#8217;esercizio dei suoi diritti e delle sue libert\u00e0, ognuno deve essere sottoposto soltanto a quelle limitazioni che sono stabilite dalla legge per assicurare il riconoscimento e il rispetto dei diritti e delle libert\u00e0 degli altri e per soddisfare le giuste esigenze della morale, dell&#8217;ordine pubblico e del benessere generale in una societ\u00e0 democratica.<br \/>3. Questi diritti e queste libert\u00e0 non possono in nessun caso essere esercitati in contrasto con i fini e principi delle Nazioni Unite.<br \/><strong>Articolo 30<\/strong><br \/>Nulla nella presente Dichiarazione pu\u00f2 essere interpretato nel senso di implicare un diritto di un qualsiasi Stato, gruppo o persona di esercitare un&#8217;attivit\u00e0 o di compiere un atto mirante alla distruzione di alcuno dei diritti e delle libert\u00e0 in essa enunciati.<\/p><p><em>(Nel 2021 le nazioni unite sono 193 (esclusi taiwan, palestina, vaticano))<\/em><\/p><p><a href=\"http:\/\/giuseppefadda.it\/wordpress\/wp-content\/uploads\/2021\/09\/FB_IMG_1624351563380.jpg\"><img decoding=\"async\" loading=\"lazy\" class=\"size-medium wp-image-2457 alignleft\" src=\"http:\/\/giuseppefadda.it\/wordpress\/wp-content\/uploads\/2021\/09\/FB_IMG_1624351563380-179x300.jpg\" alt=\"\" width=\"179\" height=\"300\" srcset=\"https:\/\/www.giuseppefadda.it\/wordpress\/wp-content\/uploads\/2021\/09\/FB_IMG_1624351563380-179x300.jpg 179w, https:\/\/www.giuseppefadda.it\/wordpress\/wp-content\/uploads\/2021\/09\/FB_IMG_1624351563380-610x1024.jpg 610w, https:\/\/www.giuseppefadda.it\/wordpress\/wp-content\/uploads\/2021\/09\/FB_IMG_1624351563380.jpg 720w\" sizes=\"(max-width: 179px) 100vw, 179px\" \/><\/a><\/p><h5><a href=\"https:\/\/www.treccani.it\/enciclopedia\/codice-di-norimberga_(Enciclopedia-della-Scienza-e-della-Tecnica)\/\"><span style=\"color: #0000ff;\">https:\/\/www.treccani.it\/enciclopedia\/codice-di-norimberga_(Enciclopedia-della-Scienza-e-della-Tecnica)\/<\/span><\/a><\/h5><h3><strong>Codice di Norimberga<\/strong><\/h3><p>Insieme di princip\u00ee normativi enunciati nella sentenza del tribunale militare americano che il 19 agosto 1947 condann\u00f2 23 medici nazisti, 7 dei quali a morte, per gli esperimenti condotti nei campi di concentramento. Tali princip\u00ee sono considerati essenziali per la sperimentazione medica su soggetti umani. I contenuti del codice furono elaborati da due medici consulenti del tribunale statunitense, Andrew C. Ivy e Leo Alexander, e proposti in sei punti per la prima volta da Ivy il 1\u00b0 agosto 1946 all\u2019International Scientific Commission on Medical War Crimes. Il codice aveva lo scopo di controbattere le tesi elaborate dalla difesa dei medici tedeschi. Sulla base della testimonianza di diversi periti questi sostennero che gli esperimenti nei campi nazisti non si differenziavano da quelli condotti nello stesso periodo nei penitenziari statunitensi, n\u00e9 da quelli realizzati in Germania in conformit\u00e0 alla regolamentazione delle \u2018innovazioni terapeutiche e la sperimentazione umana\u2019 promulgate dal Ministero degli Interni del Reich nel giugno 1931. Se era facilmente dimostrabile che il regolamento del 1931 non era mai stato adottato dal nazionalsocialismo, che aveva invece apertamente incoraggiato dal 1939 le forme pi\u00f9 barbare di sperimentazione umana, le similitudini tra le sperimentazioni nei campi nazisti e quelle nelle prigioni statunitensi preoccuparono i consulenti del tribunale. Cos\u00ec come il fatto che non esistesse alcuna legge o dichiarazione internazionale che stabilisse quali esperimenti medici sull\u2019uomo fossero ammessi e quali fossero illeciti. I giudici del tribunale svilupparono il codice in dieci punti, che chiamarono esperimenti medici ammissibili. Il primo criterio, che \u00e8 anche il pi\u00f9 importante, stabilisce che il consenso volontario del soggetto umano \u00e8 assolutamente essenziale. Ci\u00f2 implicava, nelle parole dei giudici, che \u00abla persona coinvolta dovrebbe avere la capacit\u00e0 legale di dare il consenso, e dovrebbe quindi esercitare un libero potere di scelta, senza l\u2019intervento di qualsiasi elemento di forzatura, frode, inganno, costrizione, esagerazione o altra ulteriore forma di obbligo o coercizione; dovrebbe avere, inoltre, sufficiente conoscenza e comprensione dell\u2019argomento in questione tale da metterlo in condizione di prendere una decisione consapevole e saggia\u00bb. Il dovere e la responsabilit\u00e0 di garantire le condizioni che rendono valido il consenso spettavano direttamente a chi conduceva l\u2019esperimento. Il fatto che nel codice non si faccia esplicitamente riferimento ai fatti emersi nel dibattimento contro i medici nazisti, ha privato di forza giuridica il documento, che ha comunque ispirato diverse leggi nazionali e documenti internazionali volti a prevenire abusi della sperimentazione umana e a promuovere la dottrina del consenso informato.<\/p><ol><li>Il soggetto volontariamente d\u00e0 il proprio consenso a essere sottoposto a un esperimento. Prima di dare il consenso, la persona deve conoscere: natura, durata e scopo della sperimentazione clinica, il metodo e i mezzi con cui sar\u00e0 condotta, eventuali effetti sulla salute e sul benessere della persona, eventuali pericoli cui sar\u00e0 sottoposta. (Questo \u00e8 alla base del concetto di &#8220;consenso informato&#8221;, ovvero di un consenso fornito in piena consapevolezza delle implicazioni di quello a cui ci si sta per sottoporre).<\/li><li>L&#8217;esperimento dovr\u00e0 essere tale da fornire risultati utili al bene della societ\u00e0; la natura dell&#8217;esperimento non dovr\u00e0 essere n\u00e9 casuale, n\u00e9 senza scopo.<\/li><li>Ci dovr\u00e0 essere una pianificazione dell&#8217;esperimento sulla base degli esperimenti in fase preclinica in vivo, e sulla base della conoscenza approfondita della malattia<\/li><li>L&#8217;esperimento dovr\u00e0 essere condotto in modo tale da evitare ogni sofferenza o lesione fisica o mentale che non sia necessaria.<\/li><li>Non si deve eseguire la sperimentazione se a priori si \u00e8 a conoscenza che tale sperimentazione possa causare danni o morte.<\/li><li>Il grado di rischio da correre non dovr\u00e0 oltrepassare quello dei vantaggi, determinati dalla rilevanza umanitaria del problema che l&#8217;esperimento dovrebbe risolvere.<\/li><li>Si dovr\u00e0 fare una preparazione tale da evitare che il soggetto abbia lesioni, danni o morte.<\/li><li>L&#8217;esperimento potr\u00e0 essere condotto solo da persone scientificamente adeguate e qualificate, con il pi\u00f9 alto grado di attenzione verso la sperimentazione e l&#8217;essere umano.<\/li><li>Nel corso dell&#8217;esperimento il soggetto umano dovr\u00e0 avere la libera facolt\u00e0 di porre fine ad esso se ha raggiunto uno stato fisico o mentale per cui gli sembra impossibile continuarlo.<\/li><li>Durante l&#8217;esperimento lo scienziato responsabile deve essere pronto a interromperlo in qualunque momento se indotto a credere che la continuazione dell&#8217;esperimento comporterebbe probabilmente lesioni, invalidit\u00e0 o morte per il soggetto umano.<\/li><\/ol><h4>\u00a0<\/h4><h5><a href=\"https:\/\/rm.coe.int\/168007d003\"><span style=\"color: #0000ff;\">https:\/\/rm.coe.int\/168007d003<\/span><\/a><\/h5><h3><strong>Convenzione sui Diritti dell&#8217;Uomo e la biomedicina &#8211; Oviedo, 4 aprile 1997<\/strong><\/h3><h4><strong>Convenzione per la protezione dei Diritti dell\u2019Uomo e della dignit\u00e0 dell\u2019essere umano nei confronti dell\u2019applicazioni della biologia e della medicina<\/strong><\/h4><p><em>L&#8217;Italia\u00a0ha autorizzato la ratifica per mezzo della legge 28 marzo 2001, n. 145,<\/em><sup id=\"cite_ref-7\" class=\"reference\"><\/sup><\/p><p><span id=\"Consenso_informato\" class=\"mw-headline\">Consenso informato :\u00a0<\/span>\u201c<i>Art. 5 Regola generale<\/i><\/p><p><i>Un intervento nel campo della salute non pu\u00f2 essere effettuato se non dopo che la persona interessata abbia dato consenso libero e informato. Questa persona riceve innanzitutto una informazione adeguata sullo scopo e sulla natura dell\u2019intervento e sulle sue conseguenze e i suoi rischi. La persona interessata pu\u00f2, in qualsiasi momento, liberamente ritirare il proprio consenso.<\/i>\u201d<\/p><h5><a href=\"https:\/\/www1.interno.gov.it\/mininterno\/export\/sites\/default\/it\/sezioni\/sala_stampa\/speciali\/cittadini_europa\/scheda_17999.html\"><span style=\"color: #0000ff;\">https:\/\/www1.interno.gov.it\/mininterno\/export\/sites\/default\/it\/sezioni\/sala_stampa\/speciali\/cittadini_europa\/scheda_17999.html<\/span><\/a><\/h5><h3><strong>Il Trattato Di Nizza E La Carta Dei Diritti Fondamentali<\/strong><\/h3><p>Il Consiglio europeo di Nizza (7-9 dicembre 2000) si \u00e8 compiaciuto della proclamazione congiunta, da parte del Consiglio, del Parlamento europeo e della Commissione, della Carta dei diritti fondamentali, che riunisce in un unico testo i diritti civili, politici, economici, sociali e societari finora enunciati in fonti diverse, internazionali, europee o nazionali. Il Consiglio europeo auspica che alla Carta sia data la pi\u00f9 ampia diffusione possibile presso i cittadini dell&#8217;Unione.<\/p><h5><a href=\"https:\/\/www.europarl.europa.eu\/news\/it\/agenda\/briefing\/2019-12-16\/3\/trattato-di-lisbona-e-carta-dei-diritti-fondamentali-10-anni-di-riforme-ue\"><span style=\"color: #0000ff;\">https:\/\/www.europarl.europa.eu\/news\/it\/agenda\/briefing\/2019-12-16\/3\/trattato-di-lisbona-e-carta-dei-diritti-fondamentali-10-anni-di-riforme-ue<\/span><\/a><\/h5><p>Briefing<span style=\"font-weight: inherit; font-style: inherit;\"> \u00a0\u00a0<\/span>12-12-2019 &#8211; 16:54<span style=\"font-weight: inherit; font-style: inherit;\">\u00a0<\/span>\u00a0 Anteprima della sessione del 16-19 dicembre 2019, Strasburgo<\/p><h3><strong>Trattato di Lisbona e Carta dei diritti fondamentali: 10 anni di riforme UE<\/strong><\/h3><p style=\"font-style: inherit;\">Mercoled\u00ec, i deputati celebreranno le riforme che hanno rafforzato la democrazia e il Parlamento e, al tempo stesso, ampliato i diritti dei cittadini europei.<\/p><p>Nella seduta solenne di mercoled\u00ec, in occasione del decimo anniversario dell&#8217;entrata in vigore del Trattato di Lisbona, il Presidente Sassoli terr\u00e0 un breve discorso sull&#8217;importanza di queste riforme fondamentali, a cui seguir\u00e0 un giro di interventi dei leader dei gruppi politici.<\/p><p>Il trattato ha introdotto\u00a0un livello pi\u00f9 elevato di controllo parlamentare e di responsabilit\u00e0 democratica\u00a0e ha aumentato i poteri legislativi e di bilancio del Parlamento. Il trattato riconosce inoltre che il Parlamento europeo \u00e8 &#8220;composto di rappresentanti dei cittadini dell&#8217;Unione&#8221; e gli conferisce il potere di eleggere il presidente della Commissione.<\/p><p>Il Trattato di Lisbona ha riconosciuto l&#8217;uguaglianza democratica, la democrazia rappresentativa e la democrazia partecipativa come principi fondamentali dell&#8217;UE e ha reso la Carta dei diritti fondamentali un documento giuridicamente vincolante. La Carta riunisce\u00a0tutti i diritti personali, civili, politici, economici e sociali di cui godono i cittadini dell&#8217;Unione europea.<\/p><h5><a href=\"https:\/\/www.treccani.it\/enciclopedia\/carta-dei-diritti-fondamentali-dell-unione-europea\/\"><span style=\"color: #0000ff;\">https:\/\/www.treccani.it\/enciclopedia\/carta-dei-diritti-fondamentali-dell-unione-europea\/<\/span><\/a><\/h5><h3><strong>Carta dei diritti fondamentali dell\u2019Unione Europea<\/strong><\/h3><p>Approvata dal\u00a0Parlamento europeo\u00a0nel novembre 2000, \u00e8 stata sottoscritta dal presidente di turno dell\u2019Unione Europea (UE) nel 2007. Come stabilito nell\u2019art. 6 del Trattato sull\u2019Unione Europea (versione risultante dal Trattato di Lisbona del 2007), pur non essendo integrata nel Trattato, la Carta ha lo stesso valore giuridico di quest\u2019ultimo.<\/p><p>La Carta enuncia i diritti civili, politici, economici e sociali dei\u00a0cittadini europei\u00a0e di tutte le persone che vivono sul territorio dell\u2019Unione. Si compone di 54 articoli e di un preambolo, in cui sono richiamati i valori spirituali e morali dell\u2019UE.<\/p><p><em>Il contenuto della Carta.<\/em>\u00a0&#8211; Il capo I enuncia l\u2019inviolabilit\u00e0 della dignit\u00e0 umana e il diritto all\u2019integrit\u00e0 della persona, che implica il rispetto del \u2018consenso libero e informato\u2019 del paziente, impone il divieto di esperimento sugli esseri umani, di clonazione e di fare del corpo umano o delle sue parti una fonte di lucro, e la proibizione della tortura, delle pene inumane o degradanti, della schiavit\u00f9, del lavoro forzato e della tratta degli esseri umani.\u00a0Il capo II \u00e8 dedicato alle libert\u00e0: personale, privata e familiare, di pensiero, coscienza o religione, di espressione e informazione, di riunione e associazione, delle arti e delle scienze, professionale. A esse si affiancano i diritti all\u2019obiezione di coscienza e alla protezione dei dati personali e l\u2019estensione del diritto di propriet\u00e0 alle opere intellettuali. \u00c8 garantito il\u00a0diritto d\u2019asilo\u00a0e sono vietate le espulsioni collettive o le estradizioni verso Stati nei quali vige la pena di morte (Estradizione. Diritto internazionale).<\/p><p>Il capo III afferma l\u2019uguaglianza di tutti i cittadini di fronte alla legge, da cui derivano il divieto di ogni forma di discriminazione, il rispetto di ogni diversit\u00e0 culturale, religiosa e linguistica e le pari opportunit\u00e0 tra uomini e donne. Una parte rilevante \u00e8 dedicata ai bambini, agli anziani e ai disabili.\u00a0Il capo IV concerne la solidariet\u00e0: si riconoscono i diritti dei lavoratori all\u2019informazione e alla consultazione nell\u2019ambito dell\u2019impresa, alla negoziazione e al ricorso ad azioni collettive (compreso lo sciopero), alla protezione contro il licenziamento ingiustificato, a una efficace tutela della salute e della sicurezza sul lavoro; si proibisce inoltre il lavoro minorile; si riconosce il diritto alla protezione giuridica, sociale ed economica delle famiglie e la tutela della maternit\u00e0; si stabiliscono il diritto all\u2019assistenza sociale e sanitaria per tutti e, in particolare, la tutela sociale e l\u2019assistenza abitativa per i bisognosi, l\u2019accesso ai servizi di interesse economico generale, la tutela dell\u2019ambiente e la protezione dei consumatori.<\/p><p>Il Capo V, relativo alla cittadinanza, afferma che ogni cittadino pu\u00f2 votare ed essere eletto al Parlamento europeo e ai comuni, e pu\u00f2 circolare e soggiornare liberamente negli Stati membri (Libera circolazione delle persone). Il Capo VI, concernente la giustizia, stabilisce, tra l\u2019altro, il diritto a un giudice imparziale, i principi di \u2018presunzione di innocenza\u2019 e di proporzionalit\u00e0 tra pena e reato, il diritto di non essere giudicati due volte per lo stesso reato. Infine, il Capo VII contiene disposizioni generali relative all\u2019ambito di applicazione e alla portata dei diritti garantiti dalla Carta.<\/p><h5><a href=\"https:\/\/pace.coe.int\/en\/files\/29004\/html\"><span style=\"color: #0000ff;\">https:\/\/pace.coe.int\/en\/files\/29004\/html<\/span><\/a><\/h5><h5><span style=\"color: #0000ff;\"><a href=\"http:\/\/giuseppefadda.it\/wordpress\/wp-content\/uploads\/2021\/09\/Screenshot_20210807-102347_1.jpg\"><img decoding=\"async\" loading=\"lazy\" class=\"size-medium wp-image-2430 alignleft\" src=\"http:\/\/giuseppefadda.it\/wordpress\/wp-content\/uploads\/2021\/09\/Screenshot_20210807-102347_1-298x300.jpg\" alt=\"\" width=\"298\" height=\"300\" srcset=\"https:\/\/www.giuseppefadda.it\/wordpress\/wp-content\/uploads\/2021\/09\/Screenshot_20210807-102347_1-298x300.jpg 298w, https:\/\/www.giuseppefadda.it\/wordpress\/wp-content\/uploads\/2021\/09\/Screenshot_20210807-102347_1-150x150.jpg 150w, https:\/\/www.giuseppefadda.it\/wordpress\/wp-content\/uploads\/2021\/09\/Screenshot_20210807-102347_1.jpg 720w\" sizes=\"(max-width: 298px) 100vw, 298px\" \/><\/a><\/span><\/h5><h3><strong>Risoluzione 2361(2021)<\/strong><\/h3><p><span class=\"Enum-style\">7.3<\/span>\u00a0with respect to ensuring a high vaccine uptake:<\/p><div class=\"Enum-Numbered\"><div class=\"Enum-Numbered\"><span class=\"Enum-style\">7.3.1<\/span>\u00a0ensure that citizens are informed that the vaccination is not mandatory and that no one is under political, social or other pressure to be vaccinated if they do not wish to do so;<\/div><div class=\"Enum-Numbered\"><span class=\"Enum-style\">7.3.2<\/span>\u00a0ensure that no one is discriminated against for not having been vaccinated, due to possible health risks or not wanting to be vaccinated;<\/div><div>\u00a0<\/div><\/div><h4>\u00a0<\/h4><h4>\u00a0<\/h4><h4><span style=\"color: #0000ff;\">Da Wikipedia, l&#8217;enciclopedia libera.<\/span><\/h4><h3><em>(Reindirizzamento<\/em> da<span style=\"color: #0000ff;\">\u00a0<a href=\"https:\/\/it.wikipedia.org\/w\/index.php?title=Dichiarazione_di_Ginevra_dell%27Associazione_Medica_Mondiale&amp;redirect=no\"><strong>Dichiarazione di Ginevra dell&#8217;Associazione Medica Mondiale<\/strong><\/a>)<\/span><\/h3><p>La\u00a0dichiarazione di Ginevra\u00a0fu adottata dall&#8217;Assemblea della\u00a0World Medical Association\u00a0a\u00a0Ginevra\u00a0nel\u00a01948, ed emendata nel\u00a01968,\u00a01984,\u00a01994,\u00a02005\u00a0e\u00a02006. \u00c8 una dichiarazione di medici dedicata ad un&#8217;umanizzazione della\u00a0medicina, una dichiarazione particolarmente importante dopo i crimini medici che erano stati commessi dal\u00a0nazifascismo\u00a0in\u00a0Germania.<\/p><p>La dichiarazione di Ginevra \u00e8 pensata come una revisione\u00a0<sup>[1]<\/sup>\u00a0del\u00a0giuramento di Ippocrate, verso una nuova formulazione di tale giuramento basata su verit\u00e0 morali comprensibili e riconoscibili modernamente.<sup>[2]<\/sup><\/p><p><em>La dichiarazione di Ginevra, per come \u00e8 stata attualmente emendata, recita:<\/em><em><sup>[4]<\/sup><\/em><em>:<\/em><\/p><p><em>Nel momento di essere ammesso come membro della professione medica<\/em><\/p><ul><li><em>Mi impegno solennemente a consacrare la mia vita al servizio della umanit\u00e0:<\/em><\/li><li><em>Dar\u00f2 ai miei insegnanti il rispetto e la gratitudine che gli \u00e8 dovuta;<\/em><\/li><li><em>Svolger\u00f2 la mia professione con coscienza e dignit\u00e0;<\/em><\/li><li><em>La salute e la vita dei miei pazienti saranno le mie prime preoccupazioni;<\/em><\/li><li><em>Rispetter\u00f2 i segreti che mi sono confidati, anche dopo la morte del paziente;<\/em><\/li><li><em>Manterr\u00f2 per tutto ci\u00f2 che \u00e8 in mio potere, l&#8217;onore e la nobile tradizione della professione medica;<\/em><\/li><li><em>I miei colleghi saranno i miei fratelli;<\/em><\/li><li><em>Non permetter\u00f2 che considerazioni su et\u00e0, malattia o disabilit\u00e0, credo, origine etnica, sesso, nazionalit\u00e0, affiliazione politica, razza, orientamento sessuale, stato sociale, ed ogni altro fattore, interferiscano tra il mio dovere ed i miei pazienti;<\/em><\/li><li><em>Manterr\u00f2 il massimo rispetto per la vita umana;<\/em><\/li><li><em>Non user\u00f2 la conoscenza medica per violare i diritti umani e le libert\u00e0 civili, anche sotto minaccia;<\/em><\/li><li><em>Ho fatto questa promessa solennemente, liberamente e sotto il mio onore.<\/em><\/li><\/ul><p><em>Gli emendamenti alla dichiarazione sono stati criticati da alcuni medici cattolici, in quanto a loro dire urterebbero contro l&#8217;inviolabilit\u00e0 della vita umana, perch\u00e9, per esempio,<br \/>la frase originale diceva\u00a0&#8220;la salute e la vita&#8221; (health and life), divenuta poi solo\u00a0salute (health),\u00a0&#8220;saranno le mie prime preoccupazioni (the doctor&#8217;s first consideration), mentre la versione emendata rimuove la parola &#8220;and life&#8221;;<br \/>l&#8217;originale richiesta di rispetto per la vita umana\u00a0&#8220;dal momento del suo concepimento (from the time of its conception)&#8221;\u00a0\u00e8 stato cambiato in\u00a0&#8220;dal suo inizio (from its beginning)&#8221;\u00a0nel 1984, e successivamente tolto nel 2005.<\/em><em><sup>[5]<\/sup><\/em><em>\u00a0Queste modifiche sono state criticate come devianti dalla tradizione ippocratica, e come una deviazione dalla preoccupazione post-Norimberga di mancanza di rispetto per la vita umana.<\/em><em><sup>[5]<\/sup><\/em><\/p><p><em>Secondo altri, invece, la &#8220;concezione della vita&#8221;, &#8220;dal momento del suo concepimento&#8221;, erano frasi ideologiche e religiose, e dovevano essere eliminate da un codice deontologico che rifiuta ideologie, politiche, etniche, religiose, ecc. ed \u00e8 sostenitore di un diritto di uguaglianza e cittadinanza ampio. Tali dichiarazioni non mancano di rispetto alla vita umana proprio per il fatto che non viene menzionato lo statuto dell&#8217;embrione, che secondo la bioetica cattolica sarebbe persona dal momento del suo concepimento; definizione che per\u00f2 non pu\u00f2 rientrare in un codice deontologico, in quanto \u00e8 una specifica posizione filosofica e teologica.<\/em><\/p><h5><a href=\"https:\/\/www.partecipasalute.it\/cms\/files\/Dichiarazione%20di%20Helsinki.pdf\"><span style=\"color: #0000ff;\">https:\/\/www.partecipasalute.it\/cms\/files\/Dichiarazione%20di%20Helsinki.pdf<\/span><\/a><\/h5><h3><strong>DICHIARAZIONE DI HELSINKI (OTTOBRE 2013)<\/strong><\/h3><h4><strong>PRINCIPI ETICI PER LA RICERCA MEDICA CHE INCLUDE SOGGETTI UMANI<\/strong><\/h4><p>I principi fondamentali sono:<\/p><ul><li>rispetto dell&#8217;individuo (articolo 8),<\/li><li>diritto di autodeterminazione ed il loro diritto ad ottenere\u00a0una decisione dopo adeguata spiegazione\u00a0(articoli 20, 21 e 22) per quanto riguarda la partecipazione alla ricerca, sia inizialmente che durante il corso della ricerca stessa.<\/li><li>dovere del ricercatore di salvaguardare la salute del paziente (articoli 2, 3 e 10) o del volontario (articoli 16, 18),<\/li><li>sottolineatura sempre la necessit\u00e0 della ricerca (articolo 6)<\/li><li>precedenza sempre del benessere del soggetto sugli interessi della societ\u00e0 (articolo 5),<\/li><li>le considerazioni etiche devono essere sempre prioritarie rispetto alle leggi o regolamenti (articolo 9).<\/li><li>riconoscere che una crescente vulnerabilit\u00e0 dell&#8217;individuo e di gruppi obbliga a una speciale vigilanza (articolo 8).<\/li><li>riconoscere che quando il soggetto partecipante alla ricerca \u00e8 incompetente, incapace fisicamente o mentalmente di dare un consenso informato, o \u00e8 minore (articoli 23 o 24), il permesso dovrebbe essere considerato per consenso surrogato da una persona che agisce per il miglior interesse del soggetto. Nel qual caso il loro assenso deve ancora essere ottenuto in tutti i modi possibili (articolo 25).<\/li><\/ul><h5><a href=\"https:\/\/www.focus.it\/cultura\/storia\/che-cosa-e-il-giuramento-di-ippocrate\"><span style=\"color: #0000ff;\">https:\/\/www.focus.it\/cultura\/storia\/che-cosa-e-il-giuramento-di-ippocrate<\/span><\/a><\/h5><h3><em>Storia :\u00a0<\/em><strong>Che cosa \u00e8 il giuramento di Ippocrate?<\/strong><\/h3><p>Il medico greco Ippocrate (460-375 avanti Cristo) fu una delle figure pi\u00f9 rappresentative della medicina antica, perch\u00e9 tent\u00f2 di liberare questa scienza dalle componenti magiche e superstiziose&#8230;.<\/p><p>Il medico greco Ippocrate (460-375 avanti Cristo) fu una delle figure pi\u00f9 rappresentative della medicina antica, perch\u00e9 tent\u00f2 di liberare questa scienza dalle componenti magiche e superstiziose.<br \/>Ai suoi allievi chiedeva di pronunciare davanti ad Apollo, dio della medicina, un giuramento con il quale si impegnavano: a rispettare i maestri, a insegnare la medicina solo a chi avesse pronunciato lo stesso giuramento e senza ricompensa, a visitare i malati e a prescrivere le cure con l\u2019unico scopo di guarirli e senza mai usare la violenza, a non prescrivere mai farmaci mortali o abortivi, anche se richiesti, a non divulgare mai le cose apprese nell\u2019esercizio dell\u2019arte medica (segreto professionale).<br \/><strong>Il giuramento moderno.\u00a0<\/strong>Alcuni di questi principi, e altri pi\u00f9 aderenti alle specializzazioni moderne, sono stati poi inseriti in codici internazionali di norme etiche per la professione medica, come lo statuto delle Organizzazioni mediche mondiali (1948) e dell\u2019Associazione psichiatrica mondiale (1976). In alcune scuole di medicina ancora oggi \u00e8 tradizione che gli studenti pronuncino il giuramento al momento della laurea.<\/p><p><em>28 giugno 2002<\/em><\/p><h5><a href=\"https:\/\/www.ordinemedicinapoli.it\/1142-giuramento-di-ippocrate.php\"><span style=\"color: #0000ff;\">https:\/\/www.ordinemedicinapoli.it\/1142-giuramento-di-ippocrate.php<\/span><\/a><\/h5><h3><strong>Giuramento di Ippocrate<\/strong> (testo moderno)<\/h3><p>Consapevole dell&#8217;importanza e della solennit\u00e0 dell&#8217;atto che compio e dell&#8217;impegno che assumo, giuro:<\/p><p>di esercitare la medicina in libert\u00e0 e indipendenza di giudizio e di comportamento rifuggendo da ogni indebito condizionamento;<br \/>di perseguire la difesa della vita, la tutela della salute fisica e psichica dell&#8217;uomo e il sollievo della sofferenza, cui ispirer\u00f2 con responsabilit\u00e0 e costante impegno scientifico, culturale e sociale, ogni mio atto professionale;<br \/>di curare ogni paziente con eguale scrupolo e impegno, prescindendo da etnia, religione, nazionalit\u00e0, condizione sociale e ideologia politica e promuovendo l\u2019eliminazione di ogni forma discriminazione in campo sanitario;<br \/>di non compiere mai atti idonei a provocare deliberatamente la morte di una persona;<br \/>di astenermi da ogni accanimento diagnostico e terapeutico;<br \/>di promuovere l\u2019alleanza terapeutica con il paziente fondata sulla fiducia e sulla reciproca informazione, nel rispetto e condivisione dei principi a cui si ispira l\u2019arte medica;<br \/>di attenermi nella mia attivit\u00e0 ai principi etici della solidariet\u00e0 umana contro i quali, nel rispetto della vita e della persona, non utilizzer\u00f2 mai le mie conoscenze;<br \/>di mettere le mie conoscenze a disposizione del progresso della medicina;<br \/>di affidare la mia reputazione professionale esclusivamente alla mia competenza alle mie doti morali;<br \/>di evitare, anche al di fuori dell&#8217;esercizio professionale, ogni atto e comportamento che possano ledere il decoro e la dignit\u00e0 della professione;<br \/>di rispettare i colleghi anche in caso di contrasto di opinioni;<br \/>di rispettare e facilitare il diritto alla libera scelta del medico;<br \/>di prestare assistenza d&#8217;urgenza a chi ne abbisogni e di mettermi, in caso di pubblica calamit\u00e0, a disposizione dell&#8217;autorit\u00e0 competente;<br \/>di osservare il segreto professionale e di tutelare la riservatezza su tutto ci\u00f2 che mi \u00e8 confidato, che vedo o che ho veduto, inteso o intuito nell&#8217;esercizio della mia professione o in ragione del mio stato;<br \/>di prestare, in scienza e coscienza, la mia opera, con diligenza, perizia e prudenza e secondo equit\u00e0, osservando le norme deontologiche che regolano l&#8217;esercizio della medicina e quelle giuridiche che non risultino in contrasto con gli scopi della mia professione.<\/p><h3><strong>GREEN PASS &amp; ILLEGITTIMIT\u00c0 COSTITUZIONALE E PROCEDURALE<\/strong><\/h3><h4><strong>Il prof. Beniamino Deidda direttore della Scuola Superiore di Magistratura:<\/strong><\/h4><h5>&lt;&lt;In questo Paese tutti ignorano la legge:<\/h5><p>a) &#8220;O ti vaccinano o ti licenziano&#8221; \u00e8 un reato di estorsione ai sensi dell&#8217;articolo 629 CODICE PENALE.<\/p><p>b) Il corpo umano e la Salute Personale NON SONO SACRIFICABILI per la Tutela della Salute PUBBLICA.<\/p><p>C&#8217;\u00e8 una sentenza al riguardo: Corte Costituzionale &#8211; Sentenza 308\/1990: \u201cNon \u00e8 ammesso il sacrificio della salute individuale a vantaggio della collettivit\u00e0&#8221;.<\/p><p>Ci\u00f2 significa che il diritto individuale alla salute \u00e8 sempre salvo, anche a fronte della interesse collettivo GENERALE.<\/p><p>c) Norimberga 1945:<br \/>&#8220;La somministrazione di farmaci (i vaccini sono) contro la volont\u00e0 del soggetto \u00e8 un crimine contro l&#8217;umanit\u00e0&#8221;.<\/p><p>d) Oviedo 2000:<br \/>&#8220;Un trattamento sanitario (come il vaccino) pu\u00f2 essere praticato solo se l&#8217;interessato ha dato il suo consenso libero e informato&#8221;.<\/p><p>e) Art. 32 della Costituzione, &#8220;Nessuno pu\u00f2 essere obbligato a un determinato trattamento medico se non per disposizione di legge. La legge non pu\u00f2 comunque violare i limiti imposti dal rispetto della persona umana&#8221;.<\/p><p>f) Tribunale di Roma, sez. 6 civile, con ordinanza n. 45986\/2020 R.G. del 16 dicembre 2020 dichiara:<br \/>&#8211; ILLEGITIMI TUTTI I DPCM dal 31-01-2020;<br \/>&#8211; illegittimo di metodo e I merito tale stato di emergenza;<br \/>&#8211; nulli TUTTI gli atti da essi derivanti!.<\/p><p>g) Il green PASS in Gazzetta ufficiale n.171 del 19 luglio 2021.<br \/>Si rappresenta che il decreto legge del 18 maggio 2021 n.65, istitutivo tra l\u2019altro del green pass per le cerimonie civili, non \u00e8 stato convertito in legge nei termini previsti. In questi casi il decreto legge decade con efficacia retroattiva.<\/p><p>Si sappia che la legge proibisce che vengano rinnovate le norme di un DL non convertito.<br \/>Questo, infatti, lo spiega molto chiaramente la Legge 400\/88.<\/p><h5><a href=\"https:\/\/www.governo.it\/it\/costituzione-italiana\/parte-prima-diritti-e-doveri-dei-cittadini\/titolo-i-rapporti-civili\/2844\"><span style=\"color: #0000ff;\">https:\/\/www.governo.it\/it\/costituzione-italiana\/parte-prima-diritti-e-doveri-dei-cittadini\/titolo-i-rapporti-civili\/2844<\/span><\/a><\/h5><h3><strong>Art. 13 Costituzione Italiana<\/strong><\/h3><p>La libert\u00e0 personale \u00e8 inviolabile.<\/p><p>Non \u00e8 ammessa forma alcuna di detenzione, di ispezione o perquisizione personale, n\u00e9 qualsiasi altra restrizione della libert\u00e0 personale, se non per atto motivato dell&#8217;Autorit\u00e0 giudiziaria e nei soli casi e modi previsti dalla legge.<\/p><p>In casi eccezionali di necessit\u00e0 ed urgenza, indicati tassativamente dalla legge, l&#8217;autorit\u00e0 di Pubblica sicurezza pu\u00f2 adottare provvedimenti provvisori, che devono essere comunicati entro quarantotto ore all&#8217;Autorit\u00e0 giudiziaria e, se questa non li convalida nelle successive quarantotto ore, si intendono revocati e restano privi di ogni effetto.<\/p><p>\u00c8 punita ogni violenza fisica e morale sulle persone comunque sottoposte a restrizioni di libert\u00e0.<\/p><p>La legge stabilisce i limiti massimi della carcerazione preventiva.<\/p><h3 style=\"text-align: center;\">\u275e Non devi mai avere paura di quello che stai facendo quando sei nel giusto (Rosa Parks)<\/h3><div class=\"wDYxhc\" lang=\"it-IT\" data-md=\"83\"><div class=\"di3YZe\"><div class=\"RqBzHd\"><h3 class=\"u9iNfb\" style=\"text-align: center;\"><a href=\"https:\/\/www.youtube.com\/watch?v=xYFS3iXIWR4\"><span style=\"color: #0000ff;\"><strong>\u266bThe Who &#8211; I&#8217;m Free\u266b<\/strong><\/span><\/a><\/h3><\/div><\/div><\/div>\t\t\t\t\t\t<\/div>\n\t\t\t\t<\/div>\n\t\t\t\t\t<\/div>\n\t\t<\/div>\n\t\t\t\t\t\t\t<\/div>\n\t\t<\/section>\n\t\t\t\t<section class=\"elementor-section elementor-top-section elementor-element elementor-element-f2dc545 elementor-section-boxed elementor-section-height-default elementor-section-height-default\" data-id=\"f2dc545\" data-element_type=\"section\">\n\t\t\t\t\t\t<div class=\"elementor-container elementor-column-gap-default\">\n\t\t\t\t\t<div class=\"elementor-column elementor-col-50 elementor-top-column elementor-element elementor-element-be2d341\" data-id=\"be2d341\" data-element_type=\"column\">\n\t\t\t<div class=\"elementor-widget-wrap elementor-element-populated\">\n\t\t\t\t\t\t\t\t<div class=\"elementor-element elementor-element-fb6aa16 elementor-widget elementor-widget-image\" data-id=\"fb6aa16\" data-element_type=\"widget\" data-widget_type=\"image.default\">\n\t\t\t\t<div class=\"elementor-widget-container\">\n\t\t\t\t\t\t\t\t\t\t\t\t\t\t\t<img decoding=\"async\" src=\"http:\/\/giuseppefadda.it\/wordpress\/wp-content\/uploads\/2017\/09\/4\u00b0visita.jpg\" title=\"\" alt=\"\" loading=\"lazy\" \/>\t\t\t\t\t\t\t\t\t\t\t\t\t\t\t<\/div>\n\t\t\t\t<\/div>\n\t\t\t\t\t<\/div>\n\t\t<\/div>\n\t\t\t\t<div class=\"elementor-column elementor-col-50 elementor-top-column elementor-element elementor-element-ecd30d5\" data-id=\"ecd30d5\" data-element_type=\"column\">\n\t\t\t<div class=\"elementor-widget-wrap elementor-element-populated\">\n\t\t\t\t\t\t\t\t<div class=\"elementor-element elementor-element-b4a6ed4 elementor-widget elementor-widget-text-editor\" data-id=\"b4a6ed4\" data-element_type=\"widget\" data-widget_type=\"text-editor.default\">\n\t\t\t\t<div class=\"elementor-widget-container\">\n\t\t\t\t\t\t\t<h6><em>DECLARATORIA OBBLIGATORIA PER LA LEGGE ITALIANA : QUANTO SCRITTO IN QUESTO ARTICOLO \u00c8 IL SUNTO DI OPINIONI, IDEE, ESPERIENZE E SIMILI IN LINEA CON LA COSTITUZIONE ITALIANA CHE SANCISCE LA LIBERT\u00c0 DI PENSIERO E DI ESPRESSIONE DELLE PROPRIE IDEE. I SUDDETTI NON SONO CONSIGLI MEDICI O TERAPIE, PER LE QUALI, PER LEGGE, \u00c8 NECESSARIO UN MEDICO LAUREATO, ABILITATO E ISCRITTO ALL\u2019ALBO. TALI SCRITTI NON SI PONGONO IN CONFLITTO CON LA MEDICINA UFFICIALE MA ANZI LA INTEGRANO NELLA PROMOZIONE DEL BENESSERE GLOBALE DELLA PERSONA.<\/em><\/h6>\t\t\t\t\t\t<\/div>\n\t\t\t\t<\/div>\n\t\t\t\t\t<\/div>\n\t\t<\/div>\n\t\t\t\t\t\t\t<\/div>\n\t\t<\/section>\n\t\t\t\t<section class=\"elementor-section elementor-top-section elementor-element elementor-element-4b0cf96 elementor-section-boxed elementor-section-height-default elementor-section-height-default\" data-id=\"4b0cf96\" data-element_type=\"section\">\n\t\t\t\t\t\t<div class=\"elementor-container elementor-column-gap-default\">\n\t\t\t\t\t<div class=\"elementor-column elementor-col-100 elementor-top-column elementor-element elementor-element-d3bd645\" data-id=\"d3bd645\" data-element_type=\"column\">\n\t\t\t<div class=\"elementor-widget-wrap elementor-element-populated\">\n\t\t\t\t\t\t\t\t<div class=\"elementor-element elementor-element-6a165c6 elementor-widget elementor-widget-text-editor\" data-id=\"6a165c6\" data-element_type=\"widget\" data-widget_type=\"text-editor.default\">\n\t\t\t\t<div class=\"elementor-widget-container\">\n\t\t\t\t\t\t\t<p><a href=\"http:\/\/giuseppefadda.it\/wordpress\/wp-content\/uploads\/2013\/11\/cropped-1891072_627404104024562_7856319494357884723_n.jpg\"><img decoding=\"async\" loading=\"lazy\" class=\"wp-image-2569 alignleft\" src=\"http:\/\/giuseppefadda.it\/wordpress\/wp-content\/uploads\/2013\/11\/cropped-1891072_627404104024562_7856319494357884723_n-300x300.jpg\" alt=\"\" width=\"125\" height=\"125\" srcset=\"https:\/\/www.giuseppefadda.it\/wordpress\/wp-content\/uploads\/2013\/11\/cropped-1891072_627404104024562_7856319494357884723_n-300x300.jpg 300w, https:\/\/www.giuseppefadda.it\/wordpress\/wp-content\/uploads\/2013\/11\/cropped-1891072_627404104024562_7856319494357884723_n-150x150.jpg 150w, https:\/\/www.giuseppefadda.it\/wordpress\/wp-content\/uploads\/2013\/11\/cropped-1891072_627404104024562_7856319494357884723_n-75x75.jpg 75w, https:\/\/www.giuseppefadda.it\/wordpress\/wp-content\/uploads\/2013\/11\/cropped-1891072_627404104024562_7856319494357884723_n-270x270.jpg 270w, https:\/\/www.giuseppefadda.it\/wordpress\/wp-content\/uploads\/2013\/11\/cropped-1891072_627404104024562_7856319494357884723_n-192x192.jpg 192w, https:\/\/www.giuseppefadda.it\/wordpress\/wp-content\/uploads\/2013\/11\/cropped-1891072_627404104024562_7856319494357884723_n-180x180.jpg 180w, https:\/\/www.giuseppefadda.it\/wordpress\/wp-content\/uploads\/2013\/11\/cropped-1891072_627404104024562_7856319494357884723_n-32x32.jpg 32w, https:\/\/www.giuseppefadda.it\/wordpress\/wp-content\/uploads\/2013\/11\/cropped-1891072_627404104024562_7856319494357884723_n.jpg 512w\" sizes=\"(max-width: 125px) 100vw, 125px\" \/><\/a><\/p><p>GIUSEPPE FADDA, PERITO ELETTROTECNICO E TECNICO DI AZIENDA ELETTRICA PER PI\u00d9 DI UN TRENTENNIO, LASCIA IL LAVORO PRINCIPALE PER DEDICARSI A TEMPO PIENO AD UNA PASSIONE NATA FIN DAI TEMPI DELLA SCUOLA SUPERIORE, FONDATA NELLA RICERCA DELLA SALUTE E DEL BENESSERE COME PRINCIPI FARO DI UNA VITA PIACEVOLE E CONSAPEVOLE, SENZA CONFIDARE NEI PRINCIPI DELLA MEDICINA CHIMICA. CORSI, SEMINARI ED UNA VARIEGATA MOLTITUDINE DI LIBRI \u00a0COSTITUISCONO LA SUA FORMAZIONE UNITI AD UNO SPIRITO DI RICERCA E CURIOSIT\u00c0 MAI SOPITI E AD UNA ESPERIENZA SUL CAMPO DI LUNGA DATA E SEMPRE IN CORSO.<\/p>\t\t\t\t\t\t<\/div>\n\t\t\t\t<\/div>\n\t\t\t\t\t<\/div>\n\t\t<\/div>\n\t\t\t\t\t\t\t<\/div>\n\t\t<\/section>\n\t\t\t\t\t\t\t<\/div>\n\t\t","protected":false},"excerpt":{"rendered":"<p>\u275e Mai Prigioniero sarai \u2013 Ove la Libert\u00e0 \u2013Abiti \u2013 in Te (Emily Dickinson) \u266b\u266bRichie Havens &#8211; Freedom at Woodstock 1969\u266b\u266b Laddove la psicosi sanitaria, \u00e8 venuta ad utilizzarsi come scopo di controllo esasperato della vita sociale degli esseri umani da parte di una ristretta \u00e9lite di governanti, ho ritenuto necessario riepilogare in un unico&hellip;<\/p>\n","protected":false},"author":2,"featured_media":2461,"comment_status":"open","ping_status":"closed","sticky":false,"template":"","format":"standard","meta":[],"categories":[322,1],"tags":[1218,1217,1211,1204,1216,1219,1212,1203,1215,1214,225,1209,1208,1206,1154,1205,1207,1210,1213],"_links":{"self":[{"href":"https:\/\/www.giuseppefadda.it\/wordpress\/wp-json\/wp\/v2\/posts\/2426"}],"collection":[{"href":"https:\/\/www.giuseppefadda.it\/wordpress\/wp-json\/wp\/v2\/posts"}],"about":[{"href":"https:\/\/www.giuseppefadda.it\/wordpress\/wp-json\/wp\/v2\/types\/post"}],"author":[{"embeddable":true,"href":"https:\/\/www.giuseppefadda.it\/wordpress\/wp-json\/wp\/v2\/users\/2"}],"replies":[{"embeddable":true,"href":"https:\/\/www.giuseppefadda.it\/wordpress\/wp-json\/wp\/v2\/comments?post=2426"}],"version-history":[{"count":54,"href":"https:\/\/www.giuseppefadda.it\/wordpress\/wp-json\/wp\/v2\/posts\/2426\/revisions"}],"predecessor-version":[{"id":3847,"href":"https:\/\/www.giuseppefadda.it\/wordpress\/wp-json\/wp\/v2\/posts\/2426\/revisions\/3847"}],"wp:featuredmedia":[{"embeddable":true,"href":"https:\/\/www.giuseppefadda.it\/wordpress\/wp-json\/wp\/v2\/media\/2461"}],"wp:attachment":[{"href":"https:\/\/www.giuseppefadda.it\/wordpress\/wp-json\/wp\/v2\/media?parent=2426"}],"wp:term":[{"taxonomy":"category","embeddable":true,"href":"https:\/\/www.giuseppefadda.it\/wordpress\/wp-json\/wp\/v2\/categories?post=2426"},{"taxonomy":"post_tag","embeddable":true,"href":"https:\/\/www.giuseppefadda.it\/wordpress\/wp-json\/wp\/v2\/tags?post=2426"}],"curies":[{"name":"wp","href":"https:\/\/api.w.org\/{rel}","templated":true}]}}