{"id":2481,"date":"2021-10-30T23:50:12","date_gmt":"2021-10-30T21:50:12","guid":{"rendered":"http:\/\/www.giuseppefadda.it\/wordpress\/?p=2481"},"modified":"2023-03-30T16:50:10","modified_gmt":"2023-03-30T14:50:10","slug":"virus-6-listruzione-ai-tempi-della-dittatura-sanitaria","status":"publish","type":"post","link":"https:\/\/www.giuseppefadda.it\/wordpress\/virus-6-listruzione-ai-tempi-della-dittatura-sanitaria\/","title":{"rendered":"Virus 6 &#8211; L\u2019istruzione ai tempi della dittatura sanitaria"},"content":{"rendered":"\t\t<div data-elementor-type=\"wp-post\" data-elementor-id=\"2481\" class=\"elementor elementor-2481\">\n\t\t\t\t\t\t\t\t\t<section class=\"elementor-section elementor-top-section elementor-element elementor-element-b6f64cb elementor-section-boxed elementor-section-height-default elementor-section-height-default\" data-id=\"b6f64cb\" data-element_type=\"section\">\n\t\t\t\t\t\t<div class=\"elementor-container elementor-column-gap-default\">\n\t\t\t\t\t<div class=\"elementor-column elementor-col-50 elementor-top-column elementor-element elementor-element-dc91da6\" data-id=\"dc91da6\" data-element_type=\"column\">\n\t\t\t<div class=\"elementor-widget-wrap elementor-element-populated\">\n\t\t\t\t\t\t\t\t<div class=\"elementor-element elementor-element-2bdeccf elementor-widget elementor-widget-image\" data-id=\"2bdeccf\" data-element_type=\"widget\" data-widget_type=\"image.default\">\n\t\t\t\t<div class=\"elementor-widget-container\">\n\t\t\t<style>\/*! elementor - v3.12.0 - 29-03-2023 *\/\n.elementor-widget-image{text-align:center}.elementor-widget-image a{display:inline-block}.elementor-widget-image a img[src$=\".svg\"]{width:48px}.elementor-widget-image img{vertical-align:middle;display:inline-block}<\/style>\t\t\t\t\t\t\t\t\t\t\t\t<img decoding=\"async\" src=\"https:\/\/www.giuseppefadda.it\/wordpress\/wp-content\/uploads\/elementor\/thumbs\/z-cancello-q48o6uj6ovs2dlvpdj4hyybokfwwn9ujvsjeovmagg.jpg\" title=\"z-cancello\" alt=\"z-cancello\" loading=\"lazy\" \/>\t\t\t\t\t\t\t\t\t\t\t\t\t\t\t<\/div>\n\t\t\t\t<\/div>\n\t\t\t\t\t<\/div>\n\t\t<\/div>\n\t\t\t\t<div class=\"elementor-column elementor-col-50 elementor-top-column elementor-element elementor-element-975f85a\" data-id=\"975f85a\" data-element_type=\"column\">\n\t\t\t<div class=\"elementor-widget-wrap elementor-element-populated\">\n\t\t\t\t\t\t\t\t<div class=\"elementor-element elementor-element-168433a elementor-widget elementor-widget-text-editor\" data-id=\"168433a\" data-element_type=\"widget\" data-widget_type=\"text-editor.default\">\n\t\t\t\t<div class=\"elementor-widget-container\">\n\t\t\t<style>\/*! elementor - v3.12.0 - 29-03-2023 *\/\n.elementor-widget-text-editor.elementor-drop-cap-view-stacked .elementor-drop-cap{background-color:#69727d;color:#fff}.elementor-widget-text-editor.elementor-drop-cap-view-framed .elementor-drop-cap{color:#69727d;border:3px solid;background-color:transparent}.elementor-widget-text-editor:not(.elementor-drop-cap-view-default) .elementor-drop-cap{margin-top:8px}.elementor-widget-text-editor:not(.elementor-drop-cap-view-default) .elementor-drop-cap-letter{width:1em;height:1em}.elementor-widget-text-editor .elementor-drop-cap{float:left;text-align:center;line-height:1;font-size:50px}.elementor-widget-text-editor .elementor-drop-cap-letter{display:inline-block}<\/style>\t\t\t\t<h2 style=\"text-align: center;\"><em><u>L\u2019istruzione ai tempi della dittatura sanitaria<\/u> <\/em><\/h2><p style=\"text-align: center;\">(2021, la tessera infame)<\/p><h4 style=\"text-align: center;\">\u275e \u00c8 sapiente solo chi sa di non sapere, non chi s&#8217;illude di sapere e ignora cos\u00ec perfino la sua stessa ignoranza.\u201d SOCRATE<\/h4><p>\u00a0<\/p><h4 class=\"title style-scope ytd-video-primary-info-renderer\" style=\"text-align: center;\"><a href=\"https:\/\/www.youtube.com\/watch?v=3qMeK6O-YJ4\"><span style=\"color: #0000ff;\">\u266b\u266bBAD SOCIETY School Song\u266b\u266b<\/span><\/a><\/h4>\t\t\t\t\t\t<\/div>\n\t\t\t\t<\/div>\n\t\t\t\t\t<\/div>\n\t\t<\/div>\n\t\t\t\t\t\t\t<\/div>\n\t\t<\/section>\n\t\t\t\t<section class=\"elementor-section elementor-top-section elementor-element elementor-element-e6231bd elementor-section-boxed elementor-section-height-default elementor-section-height-default\" data-id=\"e6231bd\" data-element_type=\"section\">\n\t\t\t\t\t\t<div class=\"elementor-container elementor-column-gap-default\">\n\t\t\t\t\t<div class=\"elementor-column elementor-col-100 elementor-top-column elementor-element elementor-element-72ad266\" data-id=\"72ad266\" data-element_type=\"column\">\n\t\t\t<div class=\"elementor-widget-wrap elementor-element-populated\">\n\t\t\t\t\t\t\t\t<div class=\"elementor-element elementor-element-15531083 elementor-widget elementor-widget-text-editor\" data-id=\"15531083\" data-element_type=\"widget\" data-widget_type=\"text-editor.default\">\n\t\t\t\t<div class=\"elementor-widget-container\">\n\t\t\t\t\t\t\t<p>Penso che la scuola sia lo strumento fondamentale per l\u2019evoluzione di una societ\u00e0 e dei suoi componenti; il giusto luogo dove insegnare a parlare, a scrivere, a leggere, a ragionare, a discutere, a calcolare, a tracciare, ad obbiettare, a\u2026 <u>comunicare.<\/u><\/p><p>Salvo alcune eccezioni concettuali (steiner, montessori e simili) in realt\u00e0 la scuola che conosciamo da un secolo ad oggi ha pi\u00f9 che altro cercato di conformare lo studente ad un modello di pensiero, anche se modificato nel corso dei cicli generazionali, ma in ogni caso tendente ad assoggettarlo al potere politico dominante anzich\u00e9 alla sua crescita culturale, morale e spirituale.<\/p><p>Oggi viviamo nell\u2019apocalisse, uno stato di devastazione sociale che mai avremmo immaginato, ma che una banda di loschi figuri ne programmava gi\u00e0 da tempo la realizzazione.<\/p><p>La \u201ctessera\u201d per entrare nel luogo di formazione \u00e8 l\u2019abdicazione totale al sovrano, \u00e8 la cessione definitiva della volont\u00e0 di evolversi, la sconfitta dell\u2019aspirante umano alla sua realizzazione.<\/p><p>Pertanto questa \u00e8 la grande opportunit\u00e0, la madre di tutte le battaglie, \u00e8 il momento perfetto per rifiutare questa ignobile coercizione e con esso azzerare il vecchio e rifondare un nuovo modello formativo indirizzato alla crescita dell\u2019anima e della conoscenza, in senso solidale e non pi\u00f9 competitivo, nel senso dell\u2019armonia e non della\u00a0 discriminazione.<\/p><p><a href=\"http:\/\/giuseppefadda.it\/wordpress\/wp-content\/uploads\/2021\/10\/z-spiaggia.jpg\"><img decoding=\"async\" loading=\"lazy\" class=\"size-medium wp-image-2488 alignright\" src=\"http:\/\/giuseppefadda.it\/wordpress\/wp-content\/uploads\/2021\/10\/z-spiaggia-300x225.jpg\" alt=\"\" width=\"300\" height=\"225\" srcset=\"https:\/\/www.giuseppefadda.it\/wordpress\/wp-content\/uploads\/2021\/10\/z-spiaggia-300x225.jpg 300w, https:\/\/www.giuseppefadda.it\/wordpress\/wp-content\/uploads\/2021\/10\/z-spiaggia-768x576.jpg 768w, https:\/\/www.giuseppefadda.it\/wordpress\/wp-content\/uploads\/2021\/10\/z-spiaggia-1024x768.jpg 1024w\" sizes=\"(max-width: 300px) 100vw, 300px\" \/><\/a><\/p><p>Noi tutti abbiamo il dovere di abbattere questa \u201cdittatura delle multinazionali\u201d che ci soffoca tramite le politiche monetarie e quelle pseudo-sanitarie: i giovani e gli anziani, i primi che hanno tutto il futuro da costruire, ed i secondi per riscattarsi dal disonore dall\u2019aver permesso lo sviluppo di un mondo fasullo pieno di lustrini, il paese dei balocchi, dove ben sapete, che brutta fine i bambini fanno.<\/p><p>Ribellatevi a noi, bruciate le vecchie regole, fatene di nuove, piene di amore, gioia, concordia e fratellanza.<\/p><p><em>\u00a9giuseppefadda, ottobre2021<\/em><\/p><p>(Consegnato in Sassari, Piazza d\u2019Italia, 30ott21, Manifestazione degli Studenti contro la dittatura sanitaria)<\/p><h3 style=\"text-align: center;\"><em>\u00a0<span class=\"whole-read-more\" data-can-replace-url=\"phrase\" data-url-param-0=\"socrates-io-non-posso-insegnare-niente-a-nessuno-i\" data-query=\"utm_source=internal&amp;utm_medium=link&amp;utm_campaign=phrase_snippet_wholetext\">\u201c Io non posso insegnare niente a nessuno, io posso solo farli pensare.\u201d\u00a0<\/span><span class=\"quote-footer\"><cite><span class=\"author\">SOCRATE<\/span><\/cite><\/span><\/em><\/h3><p>\u00a0<\/p><h4 class=\"title style-scope ytd-video-primary-info-renderer\" style=\"text-align: center;\"><a href=\"https:\/\/www.youtube.com\/watch?v=YR5ApYxkU-U\"><span style=\"color: #0000ff;\">\u266b\u266bPink Floyd &#8211; Another Brick In The Wall\u266b\u266b<\/span><\/a><\/h4><p>\u00a0<\/p><h6><em>DECLARATORIA OBBLIGATORIA PER LA LEGGE ITALIANA : QUANTO SCRITTO IN QUESTO ARTICOLO \u00c8 IL SUNTO DI OPINIONI, IDEE, ESPERIENZE E SIMILI IN LINEA CON LA COSTITUZIONE ITALIANA CHE SANCISCE LA LIBERT\u00c0 DI PENSIERO E DI ESPRESSIONE DELLE PROPRIE IDEE. I SUDDETTI NON SONO CONSIGLI MEDICI O TERAPIE, PER LE QUALI, PER LEGGE, \u00c8 NECESSARIO UN MEDICO LAUREATO, ABILITATO E ISCRITTO ALL\u2019ALBO. TALI SCRITTI NON SI PONGONO IN CONFLITTO CON LA MEDICINA UFFICIALE MA ANZI LA INTEGRANO NELLA PROMOZIONE DEL BENESSERE GLOBALE DELLA PERSONA<\/em><\/h6>\t\t\t\t\t\t<\/div>\n\t\t\t\t<\/div>\n\t\t\t\t\t<\/div>\n\t\t<\/div>\n\t\t\t\t\t\t\t<\/div>\n\t\t<\/section>\n\t\t\t\t<section class=\"elementor-section elementor-top-section elementor-element elementor-element-63c9cc5 elementor-section-boxed elementor-section-height-default elementor-section-height-default\" data-id=\"63c9cc5\" data-element_type=\"section\">\n\t\t\t\t\t\t<div class=\"elementor-container elementor-column-gap-default\">\n\t\t\t\t\t<div class=\"elementor-column elementor-col-100 elementor-top-column elementor-element elementor-element-f9c6a71\" data-id=\"f9c6a71\" data-element_type=\"column\">\n\t\t\t<div class=\"elementor-widget-wrap elementor-element-populated\">\n\t\t\t\t\t\t\t\t<div class=\"elementor-element elementor-element-b014516 elementor-widget elementor-widget-text-editor\" data-id=\"b014516\" data-element_type=\"widget\" data-widget_type=\"text-editor.default\">\n\t\t\t\t<div class=\"elementor-widget-container\">\n\t\t\t\t\t\t\t<p><a href=\"http:\/\/giuseppefadda.it\/wordpress\/wp-content\/uploads\/2013\/11\/cropped-1891072_627404104024562_7856319494357884723_n.jpg\"><img decoding=\"async\" loading=\"lazy\" class=\"wp-image-2569 alignleft\" src=\"http:\/\/giuseppefadda.it\/wordpress\/wp-content\/uploads\/2013\/11\/cropped-1891072_627404104024562_7856319494357884723_n-300x300.jpg\" alt=\"\" width=\"125\" height=\"125\" srcset=\"https:\/\/www.giuseppefadda.it\/wordpress\/wp-content\/uploads\/2013\/11\/cropped-1891072_627404104024562_7856319494357884723_n-300x300.jpg 300w, https:\/\/www.giuseppefadda.it\/wordpress\/wp-content\/uploads\/2013\/11\/cropped-1891072_627404104024562_7856319494357884723_n-150x150.jpg 150w, https:\/\/www.giuseppefadda.it\/wordpress\/wp-content\/uploads\/2013\/11\/cropped-1891072_627404104024562_7856319494357884723_n-75x75.jpg 75w, https:\/\/www.giuseppefadda.it\/wordpress\/wp-content\/uploads\/2013\/11\/cropped-1891072_627404104024562_7856319494357884723_n-270x270.jpg 270w, https:\/\/www.giuseppefadda.it\/wordpress\/wp-content\/uploads\/2013\/11\/cropped-1891072_627404104024562_7856319494357884723_n-192x192.jpg 192w, https:\/\/www.giuseppefadda.it\/wordpress\/wp-content\/uploads\/2013\/11\/cropped-1891072_627404104024562_7856319494357884723_n-180x180.jpg 180w, https:\/\/www.giuseppefadda.it\/wordpress\/wp-content\/uploads\/2013\/11\/cropped-1891072_627404104024562_7856319494357884723_n-32x32.jpg 32w, https:\/\/www.giuseppefadda.it\/wordpress\/wp-content\/uploads\/2013\/11\/cropped-1891072_627404104024562_7856319494357884723_n.jpg 512w\" sizes=\"(max-width: 125px) 100vw, 125px\" \/><\/a><\/p><p>GIUSEPPE FADDA, PERITO ELETTROTECNICO E TECNICO DI AZIENDA ELETTRICA PER PI\u00d9 DI UN TRENTENNIO, LASCIA IL LAVORO PRINCIPALE PER DEDICARSI A TEMPO PIENO AD UNA PASSIONE NATA FIN DAI TEMPI DELLA SCUOLA SUPERIORE, FONDATA NELLA RICERCA DELLA SALUTE E DEL BENESSERE COME PRINCIPI FARO DI UNA VITA PIACEVOLE E CONSAPEVOLE, SENZA CONFIDARE NEI PRINCIPI DELLA MEDICINA CHIMICA. CORSI, SEMINARI ED UNA VARIEGATA MOLTITUDINE DI LIBRI \u00a0COSTITUISCONO LA SUA FORMAZIONE UNITI AD UNO SPIRITO DI RICERCA E CURIOSIT\u00c0 MAI SOPITI E AD UNA ESPERIENZA SUL CAMPO DI LUNGA DATA E SEMPRE IN CORSO.<\/p>\t\t\t\t\t\t<\/div>\n\t\t\t\t<\/div>\n\t\t\t\t\t<\/div>\n\t\t<\/div>\n\t\t\t\t\t\t\t<\/div>\n\t\t<\/section>\n\t\t\t\t\t\t\t<\/div>\n\t\t","protected":false},"excerpt":{"rendered":"<p>L\u2019istruzione ai tempi della dittatura sanitaria (2021, la tessera infame) \u275e \u00c8 sapiente solo chi sa di non sapere, non chi s&#8217;illude di sapere e ignora cos\u00ec perfino la sua stessa ignoranza.\u201d SOCRATE \u00a0 \u266b\u266bBAD SOCIETY School Song\u266b\u266b Penso che la scuola sia lo strumento fondamentale per l\u2019evoluzione di una societ\u00e0 e dei suoi componenti;&hellip;<\/p>\n","protected":false},"author":2,"featured_media":2482,"comment_status":"open","ping_status":"closed","sticky":false,"template":"","format":"standard","meta":[],"categories":[322],"tags":[1257,1249,1250,1226,1251,1233,1256,1244,1252,1255,1254,1258,1253],"_links":{"self":[{"href":"https:\/\/www.giuseppefadda.it\/wordpress\/wp-json\/wp\/v2\/posts\/2481"}],"collection":[{"href":"https:\/\/www.giuseppefadda.it\/wordpress\/wp-json\/wp\/v2\/posts"}],"about":[{"href":"https:\/\/www.giuseppefadda.it\/wordpress\/wp-json\/wp\/v2\/types\/post"}],"author":[{"embeddable":true,"href":"https:\/\/www.giuseppefadda.it\/wordpress\/wp-json\/wp\/v2\/users\/2"}],"replies":[{"embeddable":true,"href":"https:\/\/www.giuseppefadda.it\/wordpress\/wp-json\/wp\/v2\/comments?post=2481"}],"version-history":[{"count":26,"href":"https:\/\/www.giuseppefadda.it\/wordpress\/wp-json\/wp\/v2\/posts\/2481\/revisions"}],"predecessor-version":[{"id":3823,"href":"https:\/\/www.giuseppefadda.it\/wordpress\/wp-json\/wp\/v2\/posts\/2481\/revisions\/3823"}],"wp:featuredmedia":[{"embeddable":true,"href":"https:\/\/www.giuseppefadda.it\/wordpress\/wp-json\/wp\/v2\/media\/2482"}],"wp:attachment":[{"href":"https:\/\/www.giuseppefadda.it\/wordpress\/wp-json\/wp\/v2\/media?parent=2481"}],"wp:term":[{"taxonomy":"category","embeddable":true,"href":"https:\/\/www.giuseppefadda.it\/wordpress\/wp-json\/wp\/v2\/categories?post=2481"},{"taxonomy":"post_tag","embeddable":true,"href":"https:\/\/www.giuseppefadda.it\/wordpress\/wp-json\/wp\/v2\/tags?post=2481"}],"curies":[{"name":"wp","href":"https:\/\/api.w.org\/{rel}","templated":true}]}}